{"id":21427,"date":"2021-10-26T10:52:08","date_gmt":"2021-10-26T10:52:08","guid":{"rendered":"https:\/\/clon.genehtik.com\/?p=21427"},"modified":"2021-10-26T10:52:08","modified_gmt":"2021-10-26T10:52:08","slug":"luxemburgo-legaliza-cannabis","status":"publish","type":"post","link":"https:\/\/genehtik.com\/de\/actualidad-cannabis\/luxemburgo-legaliza-cannabis\/","title":{"rendered":"Luxemburg legalisiert den Anbau und den Freizeitkonsum von Cannabis"},"content":{"rendered":"<p><strong>Luxemburg<\/strong>\u00a0Es wird das erste europ\u00e4ische Land sein, das die Produktion und den Konsum von\u00a0<strong>Cannabis<\/strong>.<\/p>\n<p>Am Freitag, dem 22. Oktober, gab die Regierung von Xavier Bettel die Genehmigung f\u00fcr den Anbau von Cannabis zu Hause und dessen privaten Konsum bekannt.<\/p>\n<p>Die Ank\u00fcndigung markiert einen grundlegenden Kurswechsel in Luxemburgs Umgang mit dem Konsum und Anbau von Cannabis zu Genusszwecken. Bislang hat das Verbot den Konsum nicht eind\u00e4mmen k\u00f6nnen. Laut Justizminister Sam Tamson ist diese Gesetzes\u00e4nderung ein erster Schritt. Sie zielt auch darauf ab, Konsumenten vom illegalen Markt fernzuhalten.<\/p>\n<p>\u201cWir hatten das Gef\u00fchl, handeln zu m\u00fcssen, wir haben ein Drogenproblem, und Cannabis ist die am h\u00e4ufigsten konsumierte Droge und macht einen gro\u00dfen Teil des illegalen Marktes aus\u201d, erkl\u00e4rte Sam Tamson.<\/p>\n<h2>Die neue Cannabisgesetzgebung in Luxemburg:<\/h2>\n<ul>\n<li>Erwachsene \u00fcber 18 Jahre d\u00fcrfen bis zu vier Cannabispflanzen pro Haushalt f\u00fcr den Eigenbedarf legal anbauen.<\/li>\n<li>Der Verkauf von Saatgut wird ohne Mengen- oder THC-Gehaltsbeschr\u00e4nkungen gestattet.<\/li>\n<li>Es wird m\u00f6glich sein <a href=\"https:\/\/genehtik.com\/de\/tienda\/\">Kauf von Saatgut<\/a> Sie k\u00f6nnen sie in Gesch\u00e4ften kaufen, importieren oder online bestellen.<\/li>\n<li>Es wird die heimische Saatgutproduktion f\u00fcr kommerzielle Zwecke erm\u00f6glichen, doch die Pl\u00e4ne f\u00fcr eine heimische Produktionskette und einen staatlich regulierten Vertrieb haben sich aufgrund der Covid-Pandemie verz\u00f6gert.<\/li>\n<li>Das gesetzliche Verbot des Konsums und Transports von Cannabis oder Cannabisprodukten in der \u00d6ffentlichkeit bleibt bestehen.<\/li>\n<li>Der Verkauf von Cannabis oder Cannabisprodukten mit Ausnahme von Samen bleibt verboten.<\/li>\n<li>Der Konsum und Transport einer Menge von bis zu 3 Gramm wird nicht mehr als Straftat, sondern als Vergehen eingestuft.<\/li>\n<\/ul>\n<p>F\u00fcr Hobbyg\u00e4rtner ist der Standort f\u00fcr ihre vier Pflanzen auf ihren gewohnten Wohnort beschr\u00e4nkt, sei es drinnen oder drau\u00dfen, auf dem Balkon, der Terrasse oder im Garten.<\/p>\n<p>Die Strafen f\u00fcr den Besitz von weniger als 3 Gramm w\u00fcrden von derzeit 251 \u20ac bzw. 2.500 \u20ac auf nur noch 25 \u20ac gesenkt. \u201cBei Mengen \u00fcber drei Gramm \u00e4ndert sich nichts; Sie gelten weiterhin als Drogenh\u00e4ndler\u201d, sagte Tamson. \u201cAuch f\u00fcr Autofahrer \u00e4ndert sich nichts: Es gilt weiterhin die Null-Toleranz-Politik.\u201d.<\/p>\n<p>Laut Regierungsquellen ist ein staatlich reguliertes Produktions- und Vertriebssystem geplant, um die Produktqualit\u00e4t zu gew\u00e4hrleisten und sicherzustellen, dass die Verkaufserl\u00f6se \u201cvorrangig in Pr\u00e4vention, Aufkl\u00e4rung und medizinische Versorgung im weiten Feld der Suchterkrankungen investiert werden\u201d.<\/p>","protected":false},"excerpt":{"rendered":"<p>Luxemburgo\u00a0ser\u00e1 el primer pa\u00eds europeo en legalizar la producci\u00f3n y el consumo de\u00a0cannabis. El gobierno de Xavier Bettel anunci\u00f3 el viernes 22 de octubre la autorizaci\u00f3n del cultivo de cannabis en el hogar y su consumo en el \u00e1mbito privado. El anuncio supone un cambio&#8230;<\/p>","protected":false},"author":1,"featured_media":21428,"comment_status":"open","ping_status":"open","sticky":false,"template":"","format":"standard","meta":{"bwfblock_default_font":"","footnotes":""},"categories":[313],"tags":[],"class_list":["post-21427","post","type-post","status-publish","format-standard","has-post-thumbnail","hentry","category-actualidad-cannabis"],"yoast_head":"<!-- This site is optimized with the Yoast SEO Premium plugin v23.0 (Yoast SEO v27.2) - https:\/\/yoast.com\/product\/yoast-seo-premium-wordpress\/ -->\n<title>Luxemburgo legaliza el cultivo y el consumo recreativo de cannabis<\/title>\n<meta name=\"description\" content=\"Luxemburgo\u00a0ser\u00e1 el primer pa\u00eds europeo en legalizar la producci\u00f3n y el consumo de\u00a0cannabis. Esto supondr\u00e1 un cambio en el enfoque del consumo y el cultivo.\" \/>\n<meta name=\"robots\" content=\"index, follow, max-snippet:-1, max-image-preview:large, max-video-preview:-1\" \/>\n<link rel=\"canonical\" href=\"https:\/\/genehtik.com\/de\/actualidad-cannabis\/luxemburgo-legaliza-cannabis\/\" \/>\n<meta property=\"og:locale\" content=\"de_DE\" \/>\n<meta property=\"og:type\" content=\"article\" \/>\n<meta property=\"og:title\" content=\"Luxemburgo legaliza el cultivo y el consumo recreativo de cannabis\" \/>\n<meta property=\"og:description\" content=\"Luxemburgo\u00a0ser\u00e1 el primer pa\u00eds europeo en legalizar la producci\u00f3n y el consumo de\u00a0cannabis. Esto supondr\u00e1 un cambio en el enfoque del consumo y el cultivo.\" \/>\n<meta property=\"og:url\" content=\"https:\/\/genehtik.com\/de\/actualidad-cannabis\/luxemburgo-legaliza-cannabis\/\" \/>\n<meta property=\"og:site_name\" content=\"Genehtik\" \/>\n<meta property=\"article:publisher\" content=\"http:\/\/www.facebook.com\/Genehtik\" \/>\n<meta property=\"article:published_time\" content=\"2021-10-26T10:52:08+00:00\" \/>\n<meta property=\"og:image\" content=\"https:\/\/genehtik.com\/wp-content\/uploads\/2021\/10\/luxemburgo-legaliza-cannabis.jpg\" \/>\n\t<meta property=\"og:image:width\" content=\"765\" \/>\n\t<meta property=\"og:image:height\" content=\"482\" \/>\n\t<meta property=\"og:image:type\" content=\"image\/jpeg\" \/>\n<meta name=\"author\" content=\"Genehik\" \/>\n<meta name=\"twitter:card\" content=\"summary_large_image\" \/>\n<meta name=\"twitter:creator\" content=\"@GenehtikEs\" \/>\n<meta name=\"twitter:site\" content=\"@GenehtikEs\" \/>\n<meta name=\"twitter:label1\" content=\"Verfasst von\" \/>\n\t<meta name=\"twitter:data1\" content=\"Genehik\" \/>\n\t<meta name=\"twitter:label2\" content=\"Gesch\u00e4tzte Lesezeit\" \/>\n\t<meta name=\"twitter:data2\" content=\"2\u00a0Minuten\" \/>\n<script type=\"application\/ld+json\" class=\"yoast-schema-graph\">{\"@context\":\"https:\/\/schema.org\",\"@graph\":[{\"@type\":\"Article\",\"@id\":\"https:\/\/genehtik.com\/actualidad-cannabis\/luxemburgo-legaliza-cannabis\/#article\",\"isPartOf\":{\"@id\":\"https:\/\/genehtik.com\/actualidad-cannabis\/luxemburgo-legaliza-cannabis\/\"},\"author\":{\"name\":\"Genehik\",\"@id\":\"https:\/\/genehtik.com\/#\/schema\/person\/228f7e5af45cd9cd5f321be475f4d888\"},\"headline\":\"Luxemburgo legaliza el cultivo y el consumo recreativo de cannabis\",\"datePublished\":\"2021-10-26T10:52:08+00:00\",\"mainEntityOfPage\":{\"@id\":\"https:\/\/genehtik.com\/actualidad-cannabis\/luxemburgo-legaliza-cannabis\/\"},\"wordCount\":441,\"commentCount\":0,\"image\":{\"@id\":\"https:\/\/genehtik.com\/actualidad-cannabis\/luxemburgo-legaliza-cannabis\/#primaryimage\"},\"thumbnailUrl\":\"https:\/\/genehtik.com\/wp-content\/uploads\/2021\/10\/luxemburgo-legaliza-cannabis.jpg\",\"articleSection\":[\"Actualidad Cannabis\"],\"inLanguage\":\"de\"},{\"@type\":\"WebPage\",\"@id\":\"https:\/\/genehtik.com\/actualidad-cannabis\/luxemburgo-legaliza-cannabis\/\",\"url\":\"https:\/\/genehtik.com\/actualidad-cannabis\/luxemburgo-legaliza-cannabis\/\",\"name\":\"Luxemburgo legaliza el cultivo y el consumo recreativo de cannabis\",\"isPartOf\":{\"@id\":\"https:\/\/genehtik.com\/#website\"},\"primaryImageOfPage\":{\"@id\":\"https:\/\/genehtik.com\/actualidad-cannabis\/luxemburgo-legaliza-cannabis\/#primaryimage\"},\"image\":{\"@id\":\"https:\/\/genehtik.com\/actualidad-cannabis\/luxemburgo-legaliza-cannabis\/#primaryimage\"},\"thumbnailUrl\":\"https:\/\/genehtik.com\/wp-content\/uploads\/2021\/10\/luxemburgo-legaliza-cannabis.jpg\",\"datePublished\":\"2021-10-26T10:52:08+00:00\",\"author\":{\"@id\":\"https:\/\/genehtik.com\/#\/schema\/person\/228f7e5af45cd9cd5f321be475f4d888\"},\"description\":\"Luxemburgo\u00a0ser\u00e1 el primer pa\u00eds europeo en legalizar la producci\u00f3n y el consumo de\u00a0cannabis. Esto supondr\u00e1 un cambio en el enfoque del consumo y el cultivo.\",\"breadcrumb\":{\"@id\":\"https:\/\/genehtik.com\/actualidad-cannabis\/luxemburgo-legaliza-cannabis\/#breadcrumb\"},\"inLanguage\":\"de\",\"potentialAction\":[{\"@type\":\"ReadAction\",\"target\":[\"https:\/\/genehtik.com\/actualidad-cannabis\/luxemburgo-legaliza-cannabis\/\"]}]},{\"@type\":\"ImageObject\",\"inLanguage\":\"de\",\"@id\":\"https:\/\/genehtik.com\/actualidad-cannabis\/luxemburgo-legaliza-cannabis\/#primaryimage\",\"url\":\"https:\/\/genehtik.com\/wp-content\/uploads\/2021\/10\/luxemburgo-legaliza-cannabis.jpg\",\"contentUrl\":\"https:\/\/genehtik.com\/wp-content\/uploads\/2021\/10\/luxemburgo-legaliza-cannabis.jpg\",\"width\":765,\"height\":482,\"caption\":\"Luxemburgo legaliza el cultivo y el consumo de cannabis\"},{\"@type\":\"BreadcrumbList\",\"@id\":\"https:\/\/genehtik.com\/actualidad-cannabis\/luxemburgo-legaliza-cannabis\/#breadcrumb\",\"itemListElement\":[{\"@type\":\"ListItem\",\"position\":1,\"name\":\"Home\",\"item\":\"https:\/\/genehtik.com\/\"},{\"@type\":\"ListItem\",\"position\":2,\"name\":\"Luxemburgo legaliza el cultivo y el consumo recreativo de cannabis\"}]},{\"@type\":\"WebSite\",\"@id\":\"https:\/\/genehtik.com\/#website\",\"url\":\"https:\/\/genehtik.com\/\",\"name\":\"Genehtik\",\"description\":\"Banco de semillas de cannabis feminizadas y autoflorecientes de calidad y garant\u00eda\",\"potentialAction\":[{\"@type\":\"SearchAction\",\"target\":{\"@type\":\"EntryPoint\",\"urlTemplate\":\"https:\/\/genehtik.com\/?s={search_term_string}\"},\"query-input\":{\"@type\":\"PropertyValueSpecification\",\"valueRequired\":true,\"valueName\":\"search_term_string\"}}],\"inLanguage\":\"de\"},{\"@type\":\"Person\",\"@id\":\"https:\/\/genehtik.com\/#\/schema\/person\/228f7e5af45cd9cd5f321be475f4d888\",\"name\":\"Genehik\",\"image\":{\"@type\":\"ImageObject\",\"inLanguage\":\"de\",\"@id\":\"https:\/\/secure.gravatar.com\/avatar\/0c38fb2b0d6bb958b3d79edc87ba0c4274b16f0c56c9fe388c3bf7e9b31429b2?s=96&d=mm&r=g\",\"url\":\"https:\/\/secure.gravatar.com\/avatar\/0c38fb2b0d6bb958b3d79edc87ba0c4274b16f0c56c9fe388c3bf7e9b31429b2?s=96&d=mm&r=g\",\"contentUrl\":\"https:\/\/secure.gravatar.com\/avatar\/0c38fb2b0d6bb958b3d79edc87ba0c4274b16f0c56c9fe388c3bf7e9b31429b2?s=96&d=mm&r=g\",\"caption\":\"Genehik\"},\"sameAs\":[\"http:\/\/www.genehtik.com\"],\"url\":\"https:\/\/genehtik.com\/de\/author\/genehtik\/\"}]}<\/script>\n<!-- \/ Yoast SEO Premium plugin. -->","yoast_head_json":{"title":"Luxemburg legalisiert den Anbau und den Freizeitkonsum von Cannabis","description":"Luxemburgo\u00a0ser\u00e1 el primer pa\u00eds europeo en legalizar la producci\u00f3n y el consumo de\u00a0cannabis. Esto supondr\u00e1 un cambio en el enfoque del consumo y el cultivo.","robots":{"index":"index","follow":"follow","max-snippet":"max-snippet:-1","max-image-preview":"max-image-preview:large","max-video-preview":"max-video-preview:-1"},"canonical":"https:\/\/genehtik.com\/de\/actualidad-cannabis\/luxemburgo-legaliza-cannabis\/","og_locale":"de_DE","og_type":"article","og_title":"Luxemburgo legaliza el cultivo y el consumo recreativo de cannabis","og_description":"Luxemburgo\u00a0ser\u00e1 el primer pa\u00eds europeo en legalizar la producci\u00f3n y el consumo de\u00a0cannabis. Esto supondr\u00e1 un cambio en el enfoque del consumo y el cultivo.","og_url":"https:\/\/genehtik.com\/de\/actualidad-cannabis\/luxemburgo-legaliza-cannabis\/","og_site_name":"Genehtik","article_publisher":"http:\/\/www.facebook.com\/Genehtik","article_published_time":"2021-10-26T10:52:08+00:00","og_image":[{"width":765,"height":482,"url":"https:\/\/genehtik.com\/wp-content\/uploads\/2021\/10\/luxemburgo-legaliza-cannabis.jpg","type":"image\/jpeg"}],"author":"Genehik","twitter_card":"summary_large_image","twitter_creator":"@GenehtikEs","twitter_site":"@GenehtikEs","twitter_misc":{"Verfasst von":"Genehik","Gesch\u00e4tzte Lesezeit":"2\u00a0Minuten"},"schema":{"@context":"https:\/\/schema.org","@graph":[{"@type":"Article","@id":"https:\/\/genehtik.com\/actualidad-cannabis\/luxemburgo-legaliza-cannabis\/#article","isPartOf":{"@id":"https:\/\/genehtik.com\/actualidad-cannabis\/luxemburgo-legaliza-cannabis\/"},"author":{"name":"Genehik","@id":"https:\/\/genehtik.com\/#\/schema\/person\/228f7e5af45cd9cd5f321be475f4d888"},"headline":"Luxemburgo legaliza el cultivo y el consumo recreativo de cannabis","datePublished":"2021-10-26T10:52:08+00:00","mainEntityOfPage":{"@id":"https:\/\/genehtik.com\/actualidad-cannabis\/luxemburgo-legaliza-cannabis\/"},"wordCount":441,"commentCount":0,"image":{"@id":"https:\/\/genehtik.com\/actualidad-cannabis\/luxemburgo-legaliza-cannabis\/#primaryimage"},"thumbnailUrl":"https:\/\/genehtik.com\/wp-content\/uploads\/2021\/10\/luxemburgo-legaliza-cannabis.jpg","articleSection":["Actualidad Cannabis"],"inLanguage":"de"},{"@type":"WebPage","@id":"https:\/\/genehtik.com\/actualidad-cannabis\/luxemburgo-legaliza-cannabis\/","url":"https:\/\/genehtik.com\/actualidad-cannabis\/luxemburgo-legaliza-cannabis\/","name":"Luxemburg legalisiert den Anbau und den Freizeitkonsum von Cannabis","isPartOf":{"@id":"https:\/\/genehtik.com\/#website"},"primaryImageOfPage":{"@id":"https:\/\/genehtik.com\/actualidad-cannabis\/luxemburgo-legaliza-cannabis\/#primaryimage"},"image":{"@id":"https:\/\/genehtik.com\/actualidad-cannabis\/luxemburgo-legaliza-cannabis\/#primaryimage"},"thumbnailUrl":"https:\/\/genehtik.com\/wp-content\/uploads\/2021\/10\/luxemburgo-legaliza-cannabis.jpg","datePublished":"2021-10-26T10:52:08+00:00","author":{"@id":"https:\/\/genehtik.com\/#\/schema\/person\/228f7e5af45cd9cd5f321be475f4d888"},"description":"Luxemburgo\u00a0ser\u00e1 el primer pa\u00eds europeo en legalizar la producci\u00f3n y el consumo de\u00a0cannabis. Esto supondr\u00e1 un cambio en el enfoque del consumo y el cultivo.","breadcrumb":{"@id":"https:\/\/genehtik.com\/actualidad-cannabis\/luxemburgo-legaliza-cannabis\/#breadcrumb"},"inLanguage":"de","potentialAction":[{"@type":"ReadAction","target":["https:\/\/genehtik.com\/actualidad-cannabis\/luxemburgo-legaliza-cannabis\/"]}]},{"@type":"ImageObject","inLanguage":"de","@id":"https:\/\/genehtik.com\/actualidad-cannabis\/luxemburgo-legaliza-cannabis\/#primaryimage","url":"https:\/\/genehtik.com\/wp-content\/uploads\/2021\/10\/luxemburgo-legaliza-cannabis.jpg","contentUrl":"https:\/\/genehtik.com\/wp-content\/uploads\/2021\/10\/luxemburgo-legaliza-cannabis.jpg","width":765,"height":482,"caption":"Luxemburgo legaliza el cultivo y el consumo de cannabis"},{"@type":"BreadcrumbList","@id":"https:\/\/genehtik.com\/actualidad-cannabis\/luxemburgo-legaliza-cannabis\/#breadcrumb","itemListElement":[{"@type":"ListItem","position":1,"name":"Home","item":"https:\/\/genehtik.com\/"},{"@type":"ListItem","position":2,"name":"Luxemburgo legaliza el cultivo y el consumo recreativo de cannabis"}]},{"@type":"WebSite","@id":"https:\/\/genehtik.com\/#website","url":"https:\/\/genehtik.com\/","name":"Genehtik","description":"Hochwertige und garantierte feminisierte und selbstbl\u00fchende Cannabis-Samenbank","potentialAction":[{"@type":"SearchAction","target":{"@type":"EntryPoint","urlTemplate":"https:\/\/genehtik.com\/?s={search_term_string}"},"query-input":{"@type":"PropertyValueSpecification","valueRequired":true,"valueName":"search_term_string"}}],"inLanguage":"de"},{"@type":"Person","@id":"https:\/\/genehtik.com\/#\/schema\/person\/228f7e5af45cd9cd5f321be475f4d888","name":"Genehik","image":{"@type":"ImageObject","inLanguage":"de","@id":"https:\/\/secure.gravatar.com\/avatar\/0c38fb2b0d6bb958b3d79edc87ba0c4274b16f0c56c9fe388c3bf7e9b31429b2?s=96&d=mm&r=g","url":"https:\/\/secure.gravatar.com\/avatar\/0c38fb2b0d6bb958b3d79edc87ba0c4274b16f0c56c9fe388c3bf7e9b31429b2?s=96&d=mm&r=g","contentUrl":"https:\/\/secure.gravatar.com\/avatar\/0c38fb2b0d6bb958b3d79edc87ba0c4274b16f0c56c9fe388c3bf7e9b31429b2?s=96&d=mm&r=g","caption":"Genehik"},"sameAs":["http:\/\/www.genehtik.com"],"url":"https:\/\/genehtik.com\/de\/author\/genehtik\/"}]}},"_links":{"self":[{"href":"https:\/\/genehtik.com\/de\/wp-json\/wp\/v2\/posts\/21427","targetHints":{"allow":["GET"]}}],"collection":[{"href":"https:\/\/genehtik.com\/de\/wp-json\/wp\/v2\/posts"}],"about":[{"href":"https:\/\/genehtik.com\/de\/wp-json\/wp\/v2\/types\/post"}],"author":[{"embeddable":true,"href":"https:\/\/genehtik.com\/de\/wp-json\/wp\/v2\/users\/1"}],"replies":[{"embeddable":true,"href":"https:\/\/genehtik.com\/de\/wp-json\/wp\/v2\/comments?post=21427"}],"version-history":[{"count":1,"href":"https:\/\/genehtik.com\/de\/wp-json\/wp\/v2\/posts\/21427\/revisions"}],"predecessor-version":[{"id":21432,"href":"https:\/\/genehtik.com\/de\/wp-json\/wp\/v2\/posts\/21427\/revisions\/21432"}],"wp:featuredmedia":[{"embeddable":true,"href":"https:\/\/genehtik.com\/de\/wp-json\/wp\/v2\/media\/21428"}],"wp:attachment":[{"href":"https:\/\/genehtik.com\/de\/wp-json\/wp\/v2\/media?parent=21427"}],"wp:term":[{"taxonomy":"category","embeddable":true,"href":"https:\/\/genehtik.com\/de\/wp-json\/wp\/v2\/categories?post=21427"},{"taxonomy":"post_tag","embeddable":true,"href":"https:\/\/genehtik.com\/de\/wp-json\/wp\/v2\/tags?post=21427"}],"curies":[{"name":"wp","href":"https:\/\/api.w.org\/{rel}","templated":true}]}}