{"id":5045050,"date":"2026-09-02T08:01:15","date_gmt":"2026-09-02T08:01:15","guid":{"rendered":"https:\/\/genehtik.com\/sin-categoria\/el-mercado-legal-canadiense-despega-el-parlamento-avala-el-uso-ludico-de-la-hierba\/"},"modified":"2026-09-02T08:01:15","modified_gmt":"2026-09-02T08:01:15","slug":"el-mercado-legal-canadiense-despega-el-parlamento-avala-el-uso-ludico-de-la-hierba","status":"publish","type":"post","link":"https:\/\/genehtik.com\/de\/actualidad-cannabis\/el-mercado-legal-canadiense-despega-el-parlamento-avala-el-uso-ludico-de-la-hierba\/","title":{"rendered":"El mercado legal canadiense despega: el Parlamento avala el uso l\u00fadico de la hierba"},"content":{"rendered":"<p>Esta ma\u00f1ana, la C\u00e1mara legislativa confirm\u00f3 de manera definitiva la autorizaci\u00f3n del consumo l\u00fadico de la hierba, lo que sit\u00faa al Estado norteamericano como el segundo del planeta en adoptar esta v\u00eda, solo por detr\u00e1s de Uruguay. El despliegue del mercado legal canadiense podr\u00eda comenzar en cuesti\u00f3n de semanas.<\/p>\n<p>A pesar de que el Senado hab\u00eda validado el texto normativo hace varias semanas, todav\u00eda era imprescindible la ratificaci\u00f3n final por parte de la C\u00e1mara de Representantes.<\/p>\n<p>Esta reforma respond\u00eda a uno de los compromisos de campa\u00f1a del primer ministro Justin Trudeau y, tras siete meses de discusi\u00f3n parlamentaria, por fin ha cobrado forma jur\u00eddica.<\/p>\n<p>Los analistas calculan que la comercializaci\u00f3n regulada podr\u00eda ponerse en marcha entre ocho y doce semanas, con una fecha orientativa hacia mediados de septiembre.<\/p>\n<p>La titular de Sanidad, Ginette Petitpas Taylor, explic\u00f3 que los territorios provinciales requerir\u00e1n entre dos y tres meses desde la aprobaci\u00f3n del proyecto de ley para adaptarse e implantar el nuevo esquema normativo.<\/p>\n<h2>Cada vivienda tendr\u00e1 derecho a sembrar un m\u00e1ximo de cuatro ejemplares para uso l\u00fadico en el marco del mercado legal canadiense.<\/h2>\n<p>El senador Tony Dean calific\u00f3 la iniciativa como una pol\u00edtica social de gran calado y la defini\u00f3 como una apuesta valiente del Ejecutivo. En su opini\u00f3n, el pa\u00eds podr\u00e1 comenzar a abordar parte de los da\u00f1os vinculados a la sustancia y reforzar la formaci\u00f3n ciudadana desde un enfoque preventivo. Subray\u00f3 adem\u00e1s que la medida pondr\u00e1 fin a la persecuci\u00f3n penal y abrir\u00e1 la puerta a luchar contra el comercio clandestino, valorado en unos 7.000 millones de d\u00f3lares dentro del territorio nacional.<\/p>\n<p><strong>Brunnen:<\/strong> <a href=\"http:\/\/www.lavanguardia.com\/internacional\" target=\"_blank\" rel=\"noopener\">Die Vorhut<\/a><\/p>\n<p><em>Recuerda que en el <strong>cat\u00e1logo de semillas Genehtik<\/strong> dispones de varias <a href=\"\/de\/?page_id=10421\">gen\u00e9ticas garantizadas y de calidad<\/a>.<\/em><\/p>","protected":false},"excerpt":{"rendered":"<p>Esta ma\u00f1ana, la C\u00e1mara legislativa confirm\u00f3 de manera definitiva la autorizaci\u00f3n del consumo l\u00fadico de la hierba, lo que sit\u00faa al Estado norteamericano como el segundo del planeta en adoptar esta v\u00eda, solo por detr\u00e1s de Uruguay. El despliegue del mercado legal canadiense podr\u00eda comenzar&#8230;<\/p>","protected":false},"author":1,"featured_media":16851,"comment_status":"closed","ping_status":"closed","sticky":false,"template":"","format":"standard","meta":{"bwfblock_default_font":"","footnotes":""},"categories":[313],"tags":[],"class_list":["post-5045050","post","type-post","status-publish","format-standard","has-post-thumbnail","hentry","category-actualidad-cannabis"],"yoast_head":"<!-- This site is optimized with the Yoast SEO Premium plugin v23.0 (Yoast SEO v27.2) - https:\/\/yoast.com\/product\/yoast-seo-premium-wordpress\/ -->\n<title>El mercado legal canadiense despega: el Parlamento avala el<\/title>\n<meta name=\"description\" content=\"Esta ma\u00f1ana, la C\u00e1mara legislativa confirm\u00f3 de manera definitiva la autorizaci\u00f3n del consumo l\u00fadico de la hierba, lo que sit\u00faa al Estado norteamericano como\" \/>\n<meta name=\"robots\" content=\"index, follow, max-snippet:-1, max-image-preview:large, max-video-preview:-1\" \/>\n<link rel=\"canonical\" href=\"https:\/\/genehtik.com\/de\/actualidad-cannabis\/el-mercado-legal-canadiense-despega-el-parlamento-avala-el-uso-ludico-de-la-hierba\/\" \/>\n<meta property=\"og:locale\" content=\"de_DE\" \/>\n<meta property=\"og:type\" content=\"article\" \/>\n<meta property=\"og:title\" content=\"El mercado legal canadiense despega: el Parlamento avala el\" \/>\n<meta property=\"og:description\" content=\"Esta ma\u00f1ana, la C\u00e1mara legislativa confirm\u00f3 de manera definitiva la autorizaci\u00f3n del consumo l\u00fadico de la hierba, lo que sit\u00faa al Estado norteamericano como\" \/>\n<meta property=\"og:url\" content=\"https:\/\/genehtik.com\/de\/actualidad-cannabis\/el-mercado-legal-canadiense-despega-el-parlamento-avala-el-uso-ludico-de-la-hierba\/\" \/>\n<meta property=\"og:site_name\" content=\"Genehtik\" \/>\n<meta property=\"article:publisher\" content=\"http:\/\/www.facebook.com\/Genehtik\" \/>\n<meta property=\"article:published_time\" content=\"2026-09-02T08:01:15+00:00\" \/>\n<meta property=\"og:image\" content=\"https:\/\/genehtik.com\/wp-content\/uploads\/2018\/06\/canada-legaliza-marihuana-recreativa.jpg\" \/>\n\t<meta property=\"og:image:width\" content=\"709\" \/>\n\t<meta property=\"og:image:height\" content=\"425\" \/>\n\t<meta property=\"og:image:type\" content=\"image\/jpeg\" \/>\n<meta name=\"author\" content=\"Genehik\" \/>\n<meta name=\"twitter:card\" content=\"summary_large_image\" \/>\n<meta name=\"twitter:title\" content=\"El mercado legal canadiense despega: el Parlamento avala el\" \/>\n<meta name=\"twitter:description\" content=\"Esta ma\u00f1ana, la C\u00e1mara legislativa confirm\u00f3 de manera definitiva la autorizaci\u00f3n del consumo l\u00fadico de la hierba, lo que sit\u00faa al Estado norteamericano como\" \/>\n<meta name=\"twitter:creator\" content=\"@GenehtikEs\" \/>\n<meta name=\"twitter:site\" content=\"@GenehtikEs\" \/>\n<meta name=\"twitter:label1\" content=\"Verfasst von\" \/>\n\t<meta name=\"twitter:data1\" content=\"Genehik\" \/>\n\t<meta name=\"twitter:label2\" content=\"Gesch\u00e4tzte Lesezeit\" \/>\n\t<meta name=\"twitter:data2\" content=\"2\u00a0Minuten\" \/>\n<script type=\"application\/ld+json\" class=\"yoast-schema-graph\">{\"@context\":\"https:\/\/schema.org\",\"@graph\":[{\"@type\":\"Article\",\"@id\":\"https:\/\/genehtik.com\/actualidad-cannabis\/el-mercado-legal-canadiense-despega-el-parlamento-avala-el-uso-ludico-de-la-hierba\/#article\",\"isPartOf\":{\"@id\":\"https:\/\/genehtik.com\/actualidad-cannabis\/el-mercado-legal-canadiense-despega-el-parlamento-avala-el-uso-ludico-de-la-hierba\/\"},\"author\":{\"name\":\"Genehik\",\"@id\":\"https:\/\/genehtik.com\/#\/schema\/person\/228f7e5af45cd9cd5f321be475f4d888\"},\"headline\":\"El mercado legal canadiense despega: el Parlamento avala el uso l\u00fadico de la hierba\",\"datePublished\":\"2026-09-02T08:01:15+00:00\",\"mainEntityOfPage\":{\"@id\":\"https:\/\/genehtik.com\/actualidad-cannabis\/el-mercado-legal-canadiense-despega-el-parlamento-avala-el-uso-ludico-de-la-hierba\/\"},\"wordCount\":329,\"image\":{\"@id\":\"https:\/\/genehtik.com\/actualidad-cannabis\/el-mercado-legal-canadiense-despega-el-parlamento-avala-el-uso-ludico-de-la-hierba\/#primaryimage\"},\"thumbnailUrl\":\"https:\/\/genehtik.com\/wp-content\/uploads\/2018\/06\/canada-legaliza-marihuana-recreativa.jpg\",\"articleSection\":[\"Actualidad Cannabis\"],\"inLanguage\":\"de\"},{\"@type\":\"WebPage\",\"@id\":\"https:\/\/genehtik.com\/actualidad-cannabis\/el-mercado-legal-canadiense-despega-el-parlamento-avala-el-uso-ludico-de-la-hierba\/\",\"url\":\"https:\/\/genehtik.com\/actualidad-cannabis\/el-mercado-legal-canadiense-despega-el-parlamento-avala-el-uso-ludico-de-la-hierba\/\",\"name\":\"El mercado legal canadiense despega: el Parlamento avala el\",\"isPartOf\":{\"@id\":\"https:\/\/genehtik.com\/#website\"},\"primaryImageOfPage\":{\"@id\":\"https:\/\/genehtik.com\/actualidad-cannabis\/el-mercado-legal-canadiense-despega-el-parlamento-avala-el-uso-ludico-de-la-hierba\/#primaryimage\"},\"image\":{\"@id\":\"https:\/\/genehtik.com\/actualidad-cannabis\/el-mercado-legal-canadiense-despega-el-parlamento-avala-el-uso-ludico-de-la-hierba\/#primaryimage\"},\"thumbnailUrl\":\"https:\/\/genehtik.com\/wp-content\/uploads\/2018\/06\/canada-legaliza-marihuana-recreativa.jpg\",\"datePublished\":\"2026-09-02T08:01:15+00:00\",\"author\":{\"@id\":\"https:\/\/genehtik.com\/#\/schema\/person\/228f7e5af45cd9cd5f321be475f4d888\"},\"description\":\"Esta ma\u00f1ana, la C\u00e1mara legislativa confirm\u00f3 de manera definitiva la autorizaci\u00f3n del consumo l\u00fadico de la hierba, lo que sit\u00faa al Estado norteamericano como\",\"breadcrumb\":{\"@id\":\"https:\/\/genehtik.com\/actualidad-cannabis\/el-mercado-legal-canadiense-despega-el-parlamento-avala-el-uso-ludico-de-la-hierba\/#breadcrumb\"},\"inLanguage\":\"de\",\"potentialAction\":[{\"@type\":\"ReadAction\",\"target\":[\"https:\/\/genehtik.com\/actualidad-cannabis\/el-mercado-legal-canadiense-despega-el-parlamento-avala-el-uso-ludico-de-la-hierba\/\"]}]},{\"@type\":\"ImageObject\",\"inLanguage\":\"de\",\"@id\":\"https:\/\/genehtik.com\/actualidad-cannabis\/el-mercado-legal-canadiense-despega-el-parlamento-avala-el-uso-ludico-de-la-hierba\/#primaryimage\",\"url\":\"https:\/\/genehtik.com\/wp-content\/uploads\/2018\/06\/canada-legaliza-marihuana-recreativa.jpg\",\"contentUrl\":\"https:\/\/genehtik.com\/wp-content\/uploads\/2018\/06\/canada-legaliza-marihuana-recreativa.jpg\",\"width\":709,\"height\":425,\"caption\":\"Canad\u00e1 legaliza el uso recreativo de marihuana\"},{\"@type\":\"BreadcrumbList\",\"@id\":\"https:\/\/genehtik.com\/actualidad-cannabis\/el-mercado-legal-canadiense-despega-el-parlamento-avala-el-uso-ludico-de-la-hierba\/#breadcrumb\",\"itemListElement\":[{\"@type\":\"ListItem\",\"position\":1,\"name\":\"Home\",\"item\":\"https:\/\/genehtik.com\/\"},{\"@type\":\"ListItem\",\"position\":2,\"name\":\"El mercado legal canadiense despega: el Parlamento avala el uso l\u00fadico de la hierba\"}]},{\"@type\":\"WebSite\",\"@id\":\"https:\/\/genehtik.com\/#website\",\"url\":\"https:\/\/genehtik.com\/\",\"name\":\"Genehtik\",\"description\":\"Banco de semillas de cannabis feminizadas y autoflorecientes de calidad y garant\u00eda\",\"potentialAction\":[{\"@type\":\"SearchAction\",\"target\":{\"@type\":\"EntryPoint\",\"urlTemplate\":\"https:\/\/genehtik.com\/?s={search_term_string}\"},\"query-input\":{\"@type\":\"PropertyValueSpecification\",\"valueRequired\":true,\"valueName\":\"search_term_string\"}}],\"inLanguage\":\"de\"},{\"@type\":\"Person\",\"@id\":\"https:\/\/genehtik.com\/#\/schema\/person\/228f7e5af45cd9cd5f321be475f4d888\",\"name\":\"Genehik\",\"image\":{\"@type\":\"ImageObject\",\"inLanguage\":\"de\",\"@id\":\"https:\/\/secure.gravatar.com\/avatar\/0c38fb2b0d6bb958b3d79edc87ba0c4274b16f0c56c9fe388c3bf7e9b31429b2?s=96&d=mm&r=g\",\"url\":\"https:\/\/secure.gravatar.com\/avatar\/0c38fb2b0d6bb958b3d79edc87ba0c4274b16f0c56c9fe388c3bf7e9b31429b2?s=96&d=mm&r=g\",\"contentUrl\":\"https:\/\/secure.gravatar.com\/avatar\/0c38fb2b0d6bb958b3d79edc87ba0c4274b16f0c56c9fe388c3bf7e9b31429b2?s=96&d=mm&r=g\",\"caption\":\"Genehik\"},\"sameAs\":[\"http:\/\/www.genehtik.com\"],\"url\":\"https:\/\/genehtik.com\/de\/author\/genehtik\/\"}]}<\/script>\n<!-- \/ Yoast SEO Premium plugin. -->","yoast_head_json":{"title":"El mercado legal canadiense despega: el Parlamento avala el","description":"Esta ma\u00f1ana, la C\u00e1mara legislativa confirm\u00f3 de manera definitiva la autorizaci\u00f3n del consumo l\u00fadico de la hierba, lo que sit\u00faa al Estado norteamericano como","robots":{"index":"index","follow":"follow","max-snippet":"max-snippet:-1","max-image-preview":"max-image-preview:large","max-video-preview":"max-video-preview:-1"},"canonical":"https:\/\/genehtik.com\/de\/actualidad-cannabis\/el-mercado-legal-canadiense-despega-el-parlamento-avala-el-uso-ludico-de-la-hierba\/","og_locale":"de_DE","og_type":"article","og_title":"El mercado legal canadiense despega: el Parlamento avala el","og_description":"Esta ma\u00f1ana, la C\u00e1mara legislativa confirm\u00f3 de manera definitiva la autorizaci\u00f3n del consumo l\u00fadico de la hierba, lo que sit\u00faa al Estado norteamericano como","og_url":"https:\/\/genehtik.com\/de\/actualidad-cannabis\/el-mercado-legal-canadiense-despega-el-parlamento-avala-el-uso-ludico-de-la-hierba\/","og_site_name":"Genehtik","article_publisher":"http:\/\/www.facebook.com\/Genehtik","article_published_time":"2026-09-02T08:01:15+00:00","og_image":[{"width":709,"height":425,"url":"https:\/\/genehtik.com\/wp-content\/uploads\/2018\/06\/canada-legaliza-marihuana-recreativa.jpg","type":"image\/jpeg"}],"author":"Genehik","twitter_card":"summary_large_image","twitter_title":"El mercado legal canadiense despega: el Parlamento avala el","twitter_description":"Esta ma\u00f1ana, la C\u00e1mara legislativa confirm\u00f3 de manera definitiva la autorizaci\u00f3n del consumo l\u00fadico de la hierba, lo que sit\u00faa al Estado norteamericano como","twitter_creator":"@GenehtikEs","twitter_site":"@GenehtikEs","twitter_misc":{"Verfasst von":"Genehik","Gesch\u00e4tzte Lesezeit":"2\u00a0Minuten"},"schema":{"@context":"https:\/\/schema.org","@graph":[{"@type":"Article","@id":"https:\/\/genehtik.com\/actualidad-cannabis\/el-mercado-legal-canadiense-despega-el-parlamento-avala-el-uso-ludico-de-la-hierba\/#article","isPartOf":{"@id":"https:\/\/genehtik.com\/actualidad-cannabis\/el-mercado-legal-canadiense-despega-el-parlamento-avala-el-uso-ludico-de-la-hierba\/"},"author":{"name":"Genehik","@id":"https:\/\/genehtik.com\/#\/schema\/person\/228f7e5af45cd9cd5f321be475f4d888"},"headline":"El mercado legal canadiense despega: el Parlamento avala el uso l\u00fadico de la hierba","datePublished":"2026-09-02T08:01:15+00:00","mainEntityOfPage":{"@id":"https:\/\/genehtik.com\/actualidad-cannabis\/el-mercado-legal-canadiense-despega-el-parlamento-avala-el-uso-ludico-de-la-hierba\/"},"wordCount":329,"image":{"@id":"https:\/\/genehtik.com\/actualidad-cannabis\/el-mercado-legal-canadiense-despega-el-parlamento-avala-el-uso-ludico-de-la-hierba\/#primaryimage"},"thumbnailUrl":"https:\/\/genehtik.com\/wp-content\/uploads\/2018\/06\/canada-legaliza-marihuana-recreativa.jpg","articleSection":["Actualidad Cannabis"],"inLanguage":"de"},{"@type":"WebPage","@id":"https:\/\/genehtik.com\/actualidad-cannabis\/el-mercado-legal-canadiense-despega-el-parlamento-avala-el-uso-ludico-de-la-hierba\/","url":"https:\/\/genehtik.com\/actualidad-cannabis\/el-mercado-legal-canadiense-despega-el-parlamento-avala-el-uso-ludico-de-la-hierba\/","name":"El mercado legal canadiense despega: el Parlamento avala el","isPartOf":{"@id":"https:\/\/genehtik.com\/#website"},"primaryImageOfPage":{"@id":"https:\/\/genehtik.com\/actualidad-cannabis\/el-mercado-legal-canadiense-despega-el-parlamento-avala-el-uso-ludico-de-la-hierba\/#primaryimage"},"image":{"@id":"https:\/\/genehtik.com\/actualidad-cannabis\/el-mercado-legal-canadiense-despega-el-parlamento-avala-el-uso-ludico-de-la-hierba\/#primaryimage"},"thumbnailUrl":"https:\/\/genehtik.com\/wp-content\/uploads\/2018\/06\/canada-legaliza-marihuana-recreativa.jpg","datePublished":"2026-09-02T08:01:15+00:00","author":{"@id":"https:\/\/genehtik.com\/#\/schema\/person\/228f7e5af45cd9cd5f321be475f4d888"},"description":"Esta ma\u00f1ana, la C\u00e1mara legislativa confirm\u00f3 de manera definitiva la autorizaci\u00f3n del consumo l\u00fadico de la hierba, lo que sit\u00faa al Estado norteamericano como","breadcrumb":{"@id":"https:\/\/genehtik.com\/actualidad-cannabis\/el-mercado-legal-canadiense-despega-el-parlamento-avala-el-uso-ludico-de-la-hierba\/#breadcrumb"},"inLanguage":"de","potentialAction":[{"@type":"ReadAction","target":["https:\/\/genehtik.com\/actualidad-cannabis\/el-mercado-legal-canadiense-despega-el-parlamento-avala-el-uso-ludico-de-la-hierba\/"]}]},{"@type":"ImageObject","inLanguage":"de","@id":"https:\/\/genehtik.com\/actualidad-cannabis\/el-mercado-legal-canadiense-despega-el-parlamento-avala-el-uso-ludico-de-la-hierba\/#primaryimage","url":"https:\/\/genehtik.com\/wp-content\/uploads\/2018\/06\/canada-legaliza-marihuana-recreativa.jpg","contentUrl":"https:\/\/genehtik.com\/wp-content\/uploads\/2018\/06\/canada-legaliza-marihuana-recreativa.jpg","width":709,"height":425,"caption":"Canad\u00e1 legaliza el uso recreativo de marihuana"},{"@type":"BreadcrumbList","@id":"https:\/\/genehtik.com\/actualidad-cannabis\/el-mercado-legal-canadiense-despega-el-parlamento-avala-el-uso-ludico-de-la-hierba\/#breadcrumb","itemListElement":[{"@type":"ListItem","position":1,"name":"Home","item":"https:\/\/genehtik.com\/"},{"@type":"ListItem","position":2,"name":"El mercado legal canadiense despega: el Parlamento avala el uso l\u00fadico de la hierba"}]},{"@type":"WebSite","@id":"https:\/\/genehtik.com\/#website","url":"https:\/\/genehtik.com\/","name":"Genehtik","description":"Hochwertige und garantierte feminisierte und selbstbl\u00fchende Cannabis-Samenbank","potentialAction":[{"@type":"SearchAction","target":{"@type":"EntryPoint","urlTemplate":"https:\/\/genehtik.com\/?s={search_term_string}"},"query-input":{"@type":"PropertyValueSpecification","valueRequired":true,"valueName":"search_term_string"}}],"inLanguage":"de"},{"@type":"Person","@id":"https:\/\/genehtik.com\/#\/schema\/person\/228f7e5af45cd9cd5f321be475f4d888","name":"Genehik","image":{"@type":"ImageObject","inLanguage":"de","@id":"https:\/\/secure.gravatar.com\/avatar\/0c38fb2b0d6bb958b3d79edc87ba0c4274b16f0c56c9fe388c3bf7e9b31429b2?s=96&d=mm&r=g","url":"https:\/\/secure.gravatar.com\/avatar\/0c38fb2b0d6bb958b3d79edc87ba0c4274b16f0c56c9fe388c3bf7e9b31429b2?s=96&d=mm&r=g","contentUrl":"https:\/\/secure.gravatar.com\/avatar\/0c38fb2b0d6bb958b3d79edc87ba0c4274b16f0c56c9fe388c3bf7e9b31429b2?s=96&d=mm&r=g","caption":"Genehik"},"sameAs":["http:\/\/www.genehtik.com"],"url":"https:\/\/genehtik.com\/de\/author\/genehtik\/"}]}},"_links":{"self":[{"href":"https:\/\/genehtik.com\/de\/wp-json\/wp\/v2\/posts\/5045050","targetHints":{"allow":["GET"]}}],"collection":[{"href":"https:\/\/genehtik.com\/de\/wp-json\/wp\/v2\/posts"}],"about":[{"href":"https:\/\/genehtik.com\/de\/wp-json\/wp\/v2\/types\/post"}],"author":[{"embeddable":true,"href":"https:\/\/genehtik.com\/de\/wp-json\/wp\/v2\/users\/1"}],"replies":[{"embeddable":true,"href":"https:\/\/genehtik.com\/de\/wp-json\/wp\/v2\/comments?post=5045050"}],"version-history":[{"count":0,"href":"https:\/\/genehtik.com\/de\/wp-json\/wp\/v2\/posts\/5045050\/revisions"}],"wp:featuredmedia":[{"embeddable":true,"href":"https:\/\/genehtik.com\/de\/wp-json\/wp\/v2\/media\/16851"}],"wp:attachment":[{"href":"https:\/\/genehtik.com\/de\/wp-json\/wp\/v2\/media?parent=5045050"}],"wp:term":[{"taxonomy":"category","embeddable":true,"href":"https:\/\/genehtik.com\/de\/wp-json\/wp\/v2\/categories?post=5045050"},{"taxonomy":"post_tag","embeddable":true,"href":"https:\/\/genehtik.com\/de\/wp-json\/wp\/v2\/tags?post=5045050"}],"curies":[{"name":"wp","href":"https:\/\/api.w.org\/{rel}","templated":true}]}}