{"id":9596,"date":"2016-11-24T11:13:25","date_gmt":"2016-11-24T11:13:25","guid":{"rendered":"https:\/\/clon.genehtik.com\/?p=9596"},"modified":"2026-03-17T11:16:00","modified_gmt":"2026-03-17T11:16:00","slug":"feria-del-cannabis-expomedeweed-2016-colombia","status":"publish","type":"post","link":"https:\/\/genehtik.com\/de\/eventos-ferias-cannabicas\/feria-del-cannabis-expomedeweed-2016-colombia\/","title":{"rendered":"Expmedeweed 2016 Cannabismesse Kolumbien"},"content":{"rendered":"<p>Die erste internationale Cannabismesse in Kolumbien findet vom 22. bis 25. November 2016 statt und pr\u00e4sentiert 110 internationale und nationale Aussteller sowie 16 Referenten, die f\u00fcr den akademischen Teil der Veranstaltung verantwortlich sind.<\/p>\n<p>Die Messe erstreckt sich \u00fcber 4200 Quadratmeter und findet im Botanischen Garten von Medell\u00edn statt.<\/p>\n<p>Das Konzept besteht darin, Cannabis zu entstigmatisieren und seine Eigenschaften als medizinische Behandlung hervorzuheben, indem alle Arten von Produkten f\u00fcr den Selbstanbau, Anbaumethoden und alles, was mit der Pflanze zusammenh\u00e4ngt, angeboten werden.<\/p>\n<p>Zu den Rednern geh\u00f6ren Lumir Hanus, ein israelischer Professor f\u00fcr Analytische Chemie, Paul Stanford, Manager der Hemp and Cannabis Foundation, Paul Hornby, Gr\u00fcnder von Hedron Analytical, und Paulina Bobadilla, eine chilenische Aktivistin der Organisation Mam\u00e1 Cultiva, einer Gruppe von M\u00fcttern kranker Kinder, die durch Cannabis eine Besserung erfahren haben.<\/p>\n<p>Rechtsrahmen in Kolumbien<\/p>\n<p>Das Gesetz Nr. 30 von 1986 erlaubt die Verwendung von Cannabis mit einem \u00e4rztlichen Rezept, und das Dekret Nr. 2467 vom Dezember 2015 regelt den Anbau, den Besitz von Saatgut sowie die Produktions- und Herstellungsverfahren f\u00fcr medizinische und\/oder wissenschaftliche Zwecke.<\/p>","protected":false},"excerpt":{"rendered":"<p>Se celebr\u00e1 la primera feria Internacional del Cannabis en Colombia desde los d\u00edas 22 al 25 de Noviembre de 2016, contando con 110 expositores internacionales y nacionales y 16 conferencistas encargados de poner el componente acad\u00e9mico al evento. La feria cuenta con 4200 metros cuadrados&#8230;<\/p>","protected":false},"author":1,"featured_media":9598,"comment_status":"closed","ping_status":"closed","sticky":false,"template":"","format":"standard","meta":{"bwfblock_default_font":"","footnotes":""},"categories":[314],"tags":[601,700],"class_list":["post-9596","post","type-post","status-publish","format-standard","has-post-thumbnail","hentry","category-eventos-ferias-cannabicas","tag-colombia","tag-expomedeweed"],"yoast_head":"<!-- This site is optimized with the Yoast SEO Premium plugin v23.0 (Yoast SEO v27.2) - https:\/\/yoast.com\/product\/yoast-seo-premium-wordpress\/ -->\n<title>Feria del cannabis Expomedeweed 2016 Colombia<\/title>\n<meta name=\"description\" content=\"Se celebr\u00e1 la 1a feria Internacional del Cannabis en Colombia desde los d\u00edas 22 al 25 de Noviembre de 2016, contando con 110 expositores y 16 conferencistas\" \/>\n<meta name=\"robots\" content=\"index, follow, max-snippet:-1, max-image-preview:large, max-video-preview:-1\" \/>\n<link rel=\"canonical\" href=\"https:\/\/genehtik.com\/de\/eventos-ferias-cannabicas\/feria-del-cannabis-expomedeweed-2016-colombia\/\" \/>\n<meta property=\"og:locale\" content=\"de_DE\" \/>\n<meta property=\"og:type\" content=\"article\" \/>\n<meta property=\"og:title\" content=\"Feria del cannabis Expomedeweed 2016 Colombia\" \/>\n<meta property=\"og:description\" content=\"Se celebr\u00e1 la 1a feria Internacional del Cannabis en Colombia desde los d\u00edas 22 al 25 de Noviembre de 2016, contando con 110 expositores y 16 conferencistas\" \/>\n<meta property=\"og:url\" content=\"https:\/\/genehtik.com\/de\/eventos-ferias-cannabicas\/feria-del-cannabis-expomedeweed-2016-colombia\/\" \/>\n<meta property=\"og:site_name\" content=\"Genehtik\" \/>\n<meta property=\"article:publisher\" content=\"http:\/\/www.facebook.com\/Genehtik\" \/>\n<meta property=\"article:published_time\" content=\"2016-11-24T11:13:25+00:00\" \/>\n<meta property=\"article:modified_time\" content=\"2026-03-17T11:16:00+00:00\" \/>\n<meta property=\"og:image\" content=\"https:\/\/genehtik.com\/wp-content\/uploads\/2016\/11\/Expomedeweed-2016-Colombia-cannabis.jpg\" \/>\n\t<meta property=\"og:image:width\" content=\"709\" \/>\n\t<meta property=\"og:image:height\" content=\"425\" \/>\n\t<meta property=\"og:image:type\" content=\"image\/jpeg\" \/>\n<meta name=\"author\" content=\"Genehik\" \/>\n<meta name=\"twitter:card\" content=\"summary_large_image\" \/>\n<meta name=\"twitter:creator\" content=\"@GenehtikEs\" \/>\n<meta name=\"twitter:site\" content=\"@GenehtikEs\" \/>\n<meta name=\"twitter:label1\" content=\"Verfasst von\" \/>\n\t<meta name=\"twitter:data1\" content=\"Genehik\" \/>\n\t<meta name=\"twitter:label2\" content=\"Gesch\u00e4tzte Lesezeit\" \/>\n\t<meta name=\"twitter:data2\" content=\"2\u00a0Minuten\" \/>\n<script type=\"application\/ld+json\" class=\"yoast-schema-graph\">{\"@context\":\"https:\/\/schema.org\",\"@graph\":[{\"@type\":\"Article\",\"@id\":\"https:\/\/genehtik.com\/eventos-ferias-cannabicas\/feria-del-cannabis-expomedeweed-2016-colombia\/#article\",\"isPartOf\":{\"@id\":\"https:\/\/genehtik.com\/eventos-ferias-cannabicas\/feria-del-cannabis-expomedeweed-2016-colombia\/\"},\"author\":{\"name\":\"Genehik\",\"@id\":\"https:\/\/genehtik.com\/#\/schema\/person\/228f7e5af45cd9cd5f321be475f4d888\"},\"headline\":\"Feria del cannabis Expomedeweed 2016 Colombia\",\"datePublished\":\"2016-11-24T11:13:25+00:00\",\"dateModified\":\"2026-03-17T11:16:00+00:00\",\"mainEntityOfPage\":{\"@id\":\"https:\/\/genehtik.com\/eventos-ferias-cannabicas\/feria-del-cannabis-expomedeweed-2016-colombia\/\"},\"wordCount\":199,\"image\":{\"@id\":\"https:\/\/genehtik.com\/eventos-ferias-cannabicas\/feria-del-cannabis-expomedeweed-2016-colombia\/#primaryimage\"},\"thumbnailUrl\":\"https:\/\/genehtik.com\/wp-content\/uploads\/2016\/11\/Expomedeweed-2016-Colombia-cannabis.jpg\",\"keywords\":[\"colombia\",\"Expomedeweed\"],\"articleSection\":[\"Eventos y Ferias cann\u00e1bicas\"],\"inLanguage\":\"de\"},{\"@type\":\"WebPage\",\"@id\":\"https:\/\/genehtik.com\/eventos-ferias-cannabicas\/feria-del-cannabis-expomedeweed-2016-colombia\/\",\"url\":\"https:\/\/genehtik.com\/eventos-ferias-cannabicas\/feria-del-cannabis-expomedeweed-2016-colombia\/\",\"name\":\"Feria del cannabis Expomedeweed 2016 Colombia\",\"isPartOf\":{\"@id\":\"https:\/\/genehtik.com\/#website\"},\"primaryImageOfPage\":{\"@id\":\"https:\/\/genehtik.com\/eventos-ferias-cannabicas\/feria-del-cannabis-expomedeweed-2016-colombia\/#primaryimage\"},\"image\":{\"@id\":\"https:\/\/genehtik.com\/eventos-ferias-cannabicas\/feria-del-cannabis-expomedeweed-2016-colombia\/#primaryimage\"},\"thumbnailUrl\":\"https:\/\/genehtik.com\/wp-content\/uploads\/2016\/11\/Expomedeweed-2016-Colombia-cannabis.jpg\",\"datePublished\":\"2016-11-24T11:13:25+00:00\",\"dateModified\":\"2026-03-17T11:16:00+00:00\",\"author\":{\"@id\":\"https:\/\/genehtik.com\/#\/schema\/person\/228f7e5af45cd9cd5f321be475f4d888\"},\"description\":\"Se celebr\u00e1 la 1a feria Internacional del Cannabis en Colombia desde los d\u00edas 22 al 25 de Noviembre de 2016, contando con 110 expositores y 16 conferencistas\",\"breadcrumb\":{\"@id\":\"https:\/\/genehtik.com\/eventos-ferias-cannabicas\/feria-del-cannabis-expomedeweed-2016-colombia\/#breadcrumb\"},\"inLanguage\":\"de\",\"potentialAction\":[{\"@type\":\"ReadAction\",\"target\":[\"https:\/\/genehtik.com\/eventos-ferias-cannabicas\/feria-del-cannabis-expomedeweed-2016-colombia\/\"]}]},{\"@type\":\"ImageObject\",\"inLanguage\":\"de\",\"@id\":\"https:\/\/genehtik.com\/eventos-ferias-cannabicas\/feria-del-cannabis-expomedeweed-2016-colombia\/#primaryimage\",\"url\":\"https:\/\/genehtik.com\/wp-content\/uploads\/2016\/11\/Expomedeweed-2016-Colombia-cannabis.jpg\",\"contentUrl\":\"https:\/\/genehtik.com\/wp-content\/uploads\/2016\/11\/Expomedeweed-2016-Colombia-cannabis.jpg\",\"width\":709,\"height\":425,\"caption\":\"Expomedeweed 2016 Feria del cannabis en Colombia\"},{\"@type\":\"BreadcrumbList\",\"@id\":\"https:\/\/genehtik.com\/eventos-ferias-cannabicas\/feria-del-cannabis-expomedeweed-2016-colombia\/#breadcrumb\",\"itemListElement\":[{\"@type\":\"ListItem\",\"position\":1,\"name\":\"Home\",\"item\":\"https:\/\/genehtik.com\/\"},{\"@type\":\"ListItem\",\"position\":2,\"name\":\"Feria del cannabis Expomedeweed 2016 Colombia\"}]},{\"@type\":\"WebSite\",\"@id\":\"https:\/\/genehtik.com\/#website\",\"url\":\"https:\/\/genehtik.com\/\",\"name\":\"Genehtik\",\"description\":\"Banco de semillas de cannabis feminizadas y autoflorecientes de calidad y garant\u00eda\",\"potentialAction\":[{\"@type\":\"SearchAction\",\"target\":{\"@type\":\"EntryPoint\",\"urlTemplate\":\"https:\/\/genehtik.com\/?s={search_term_string}\"},\"query-input\":{\"@type\":\"PropertyValueSpecification\",\"valueRequired\":true,\"valueName\":\"search_term_string\"}}],\"inLanguage\":\"de\"},{\"@type\":\"Person\",\"@id\":\"https:\/\/genehtik.com\/#\/schema\/person\/228f7e5af45cd9cd5f321be475f4d888\",\"name\":\"Genehik\",\"image\":{\"@type\":\"ImageObject\",\"inLanguage\":\"de\",\"@id\":\"https:\/\/secure.gravatar.com\/avatar\/0c38fb2b0d6bb958b3d79edc87ba0c4274b16f0c56c9fe388c3bf7e9b31429b2?s=96&d=mm&r=g\",\"url\":\"https:\/\/secure.gravatar.com\/avatar\/0c38fb2b0d6bb958b3d79edc87ba0c4274b16f0c56c9fe388c3bf7e9b31429b2?s=96&d=mm&r=g\",\"contentUrl\":\"https:\/\/secure.gravatar.com\/avatar\/0c38fb2b0d6bb958b3d79edc87ba0c4274b16f0c56c9fe388c3bf7e9b31429b2?s=96&d=mm&r=g\",\"caption\":\"Genehik\"},\"sameAs\":[\"http:\/\/www.genehtik.com\"],\"url\":\"https:\/\/genehtik.com\/de\/author\/genehtik\/\"}]}<\/script>\n<!-- \/ Yoast SEO Premium plugin. -->","yoast_head_json":{"title":"Expmedeweed 2016 Cannabismesse Kolumbien","description":"Se celebr\u00e1 la 1a feria Internacional del Cannabis en Colombia desde los d\u00edas 22 al 25 de Noviembre de 2016, contando con 110 expositores y 16 conferencistas","robots":{"index":"index","follow":"follow","max-snippet":"max-snippet:-1","max-image-preview":"max-image-preview:large","max-video-preview":"max-video-preview:-1"},"canonical":"https:\/\/genehtik.com\/de\/eventos-ferias-cannabicas\/feria-del-cannabis-expomedeweed-2016-colombia\/","og_locale":"de_DE","og_type":"article","og_title":"Feria del cannabis Expomedeweed 2016 Colombia","og_description":"Se celebr\u00e1 la 1a feria Internacional del Cannabis en Colombia desde los d\u00edas 22 al 25 de Noviembre de 2016, contando con 110 expositores y 16 conferencistas","og_url":"https:\/\/genehtik.com\/de\/eventos-ferias-cannabicas\/feria-del-cannabis-expomedeweed-2016-colombia\/","og_site_name":"Genehtik","article_publisher":"http:\/\/www.facebook.com\/Genehtik","article_published_time":"2016-11-24T11:13:25+00:00","article_modified_time":"2026-03-17T11:16:00+00:00","og_image":[{"width":709,"height":425,"url":"https:\/\/genehtik.com\/wp-content\/uploads\/2016\/11\/Expomedeweed-2016-Colombia-cannabis.jpg","type":"image\/jpeg"}],"author":"Genehik","twitter_card":"summary_large_image","twitter_creator":"@GenehtikEs","twitter_site":"@GenehtikEs","twitter_misc":{"Verfasst von":"Genehik","Gesch\u00e4tzte Lesezeit":"2\u00a0Minuten"},"schema":{"@context":"https:\/\/schema.org","@graph":[{"@type":"Article","@id":"https:\/\/genehtik.com\/eventos-ferias-cannabicas\/feria-del-cannabis-expomedeweed-2016-colombia\/#article","isPartOf":{"@id":"https:\/\/genehtik.com\/eventos-ferias-cannabicas\/feria-del-cannabis-expomedeweed-2016-colombia\/"},"author":{"name":"Genehik","@id":"https:\/\/genehtik.com\/#\/schema\/person\/228f7e5af45cd9cd5f321be475f4d888"},"headline":"Feria del cannabis Expomedeweed 2016 Colombia","datePublished":"2016-11-24T11:13:25+00:00","dateModified":"2026-03-17T11:16:00+00:00","mainEntityOfPage":{"@id":"https:\/\/genehtik.com\/eventos-ferias-cannabicas\/feria-del-cannabis-expomedeweed-2016-colombia\/"},"wordCount":199,"image":{"@id":"https:\/\/genehtik.com\/eventos-ferias-cannabicas\/feria-del-cannabis-expomedeweed-2016-colombia\/#primaryimage"},"thumbnailUrl":"https:\/\/genehtik.com\/wp-content\/uploads\/2016\/11\/Expomedeweed-2016-Colombia-cannabis.jpg","keywords":["colombia","Expomedeweed"],"articleSection":["Eventos y Ferias cann\u00e1bicas"],"inLanguage":"de"},{"@type":"WebPage","@id":"https:\/\/genehtik.com\/eventos-ferias-cannabicas\/feria-del-cannabis-expomedeweed-2016-colombia\/","url":"https:\/\/genehtik.com\/eventos-ferias-cannabicas\/feria-del-cannabis-expomedeweed-2016-colombia\/","name":"Expmedeweed 2016 Cannabismesse Kolumbien","isPartOf":{"@id":"https:\/\/genehtik.com\/#website"},"primaryImageOfPage":{"@id":"https:\/\/genehtik.com\/eventos-ferias-cannabicas\/feria-del-cannabis-expomedeweed-2016-colombia\/#primaryimage"},"image":{"@id":"https:\/\/genehtik.com\/eventos-ferias-cannabicas\/feria-del-cannabis-expomedeweed-2016-colombia\/#primaryimage"},"thumbnailUrl":"https:\/\/genehtik.com\/wp-content\/uploads\/2016\/11\/Expomedeweed-2016-Colombia-cannabis.jpg","datePublished":"2016-11-24T11:13:25+00:00","dateModified":"2026-03-17T11:16:00+00:00","author":{"@id":"https:\/\/genehtik.com\/#\/schema\/person\/228f7e5af45cd9cd5f321be475f4d888"},"description":"Se celebr\u00e1 la 1a feria Internacional del Cannabis en Colombia desde los d\u00edas 22 al 25 de Noviembre de 2016, contando con 110 expositores y 16 conferencistas","breadcrumb":{"@id":"https:\/\/genehtik.com\/eventos-ferias-cannabicas\/feria-del-cannabis-expomedeweed-2016-colombia\/#breadcrumb"},"inLanguage":"de","potentialAction":[{"@type":"ReadAction","target":["https:\/\/genehtik.com\/eventos-ferias-cannabicas\/feria-del-cannabis-expomedeweed-2016-colombia\/"]}]},{"@type":"ImageObject","inLanguage":"de","@id":"https:\/\/genehtik.com\/eventos-ferias-cannabicas\/feria-del-cannabis-expomedeweed-2016-colombia\/#primaryimage","url":"https:\/\/genehtik.com\/wp-content\/uploads\/2016\/11\/Expomedeweed-2016-Colombia-cannabis.jpg","contentUrl":"https:\/\/genehtik.com\/wp-content\/uploads\/2016\/11\/Expomedeweed-2016-Colombia-cannabis.jpg","width":709,"height":425,"caption":"Expomedeweed 2016 Feria del cannabis en Colombia"},{"@type":"BreadcrumbList","@id":"https:\/\/genehtik.com\/eventos-ferias-cannabicas\/feria-del-cannabis-expomedeweed-2016-colombia\/#breadcrumb","itemListElement":[{"@type":"ListItem","position":1,"name":"Home","item":"https:\/\/genehtik.com\/"},{"@type":"ListItem","position":2,"name":"Feria del cannabis Expomedeweed 2016 Colombia"}]},{"@type":"WebSite","@id":"https:\/\/genehtik.com\/#website","url":"https:\/\/genehtik.com\/","name":"Genehtik","description":"Hochwertige und garantierte feminisierte und selbstbl\u00fchende Cannabis-Samenbank","potentialAction":[{"@type":"SearchAction","target":{"@type":"EntryPoint","urlTemplate":"https:\/\/genehtik.com\/?s={search_term_string}"},"query-input":{"@type":"PropertyValueSpecification","valueRequired":true,"valueName":"search_term_string"}}],"inLanguage":"de"},{"@type":"Person","@id":"https:\/\/genehtik.com\/#\/schema\/person\/228f7e5af45cd9cd5f321be475f4d888","name":"Genehik","image":{"@type":"ImageObject","inLanguage":"de","@id":"https:\/\/secure.gravatar.com\/avatar\/0c38fb2b0d6bb958b3d79edc87ba0c4274b16f0c56c9fe388c3bf7e9b31429b2?s=96&d=mm&r=g","url":"https:\/\/secure.gravatar.com\/avatar\/0c38fb2b0d6bb958b3d79edc87ba0c4274b16f0c56c9fe388c3bf7e9b31429b2?s=96&d=mm&r=g","contentUrl":"https:\/\/secure.gravatar.com\/avatar\/0c38fb2b0d6bb958b3d79edc87ba0c4274b16f0c56c9fe388c3bf7e9b31429b2?s=96&d=mm&r=g","caption":"Genehik"},"sameAs":["http:\/\/www.genehtik.com"],"url":"https:\/\/genehtik.com\/de\/author\/genehtik\/"}]}},"_links":{"self":[{"href":"https:\/\/genehtik.com\/de\/wp-json\/wp\/v2\/posts\/9596","targetHints":{"allow":["GET"]}}],"collection":[{"href":"https:\/\/genehtik.com\/de\/wp-json\/wp\/v2\/posts"}],"about":[{"href":"https:\/\/genehtik.com\/de\/wp-json\/wp\/v2\/types\/post"}],"author":[{"embeddable":true,"href":"https:\/\/genehtik.com\/de\/wp-json\/wp\/v2\/users\/1"}],"replies":[{"embeddable":true,"href":"https:\/\/genehtik.com\/de\/wp-json\/wp\/v2\/comments?post=9596"}],"version-history":[{"count":1,"href":"https:\/\/genehtik.com\/de\/wp-json\/wp\/v2\/posts\/9596\/revisions"}],"predecessor-version":[{"id":9602,"href":"https:\/\/genehtik.com\/de\/wp-json\/wp\/v2\/posts\/9596\/revisions\/9602"}],"wp:featuredmedia":[{"embeddable":true,"href":"https:\/\/genehtik.com\/de\/wp-json\/wp\/v2\/media\/9598"}],"wp:attachment":[{"href":"https:\/\/genehtik.com\/de\/wp-json\/wp\/v2\/media?parent=9596"}],"wp:term":[{"taxonomy":"category","embeddable":true,"href":"https:\/\/genehtik.com\/de\/wp-json\/wp\/v2\/categories?post=9596"},{"taxonomy":"post_tag","embeddable":true,"href":"https:\/\/genehtik.com\/de\/wp-json\/wp\/v2\/tags?post=9596"}],"curies":[{"name":"wp","href":"https:\/\/api.w.org\/{rel}","templated":true}]}}