{"id":21427,"date":"2021-10-26T10:52:08","date_gmt":"2021-10-26T10:52:08","guid":{"rendered":"https:\/\/clon.genehtik.com\/?p=21427"},"modified":"2021-10-26T10:52:08","modified_gmt":"2021-10-26T10:52:08","slug":"luxemburgo-legaliza-cannabis","status":"publish","type":"post","link":"https:\/\/genehtik.com\/fr\/actualidad-cannabis\/luxemburgo-legaliza-cannabis\/","title":{"rendered":"Le Luxembourg l\u00e9galise la culture et l&#039;usage r\u00e9cr\u00e9atif du cannabis"},"content":{"rendered":"<p><strong>Luxembourg<\/strong>\u00a0Ce sera le premier pays europ\u00e9en \u00e0 l\u00e9galiser la production et la consommation de\u00a0<strong>cannabis<\/strong>.<\/p>\n<p>Le vendredi 22 octobre, le gouvernement de Xavier Bettel a annonc\u00e9 l&#039;autorisation de la culture de cannabis \u00e0 domicile et de sa consommation priv\u00e9e.<\/p>\n<p>Cette annonce marque un tournant majeur dans l&#039;approche luxembourgeoise concernant la consommation et la culture du cannabis \u00e0 usage r\u00e9cr\u00e9atif. Jusqu&#039;\u00e0 pr\u00e9sent, l&#039;interdiction n&#039;a pas permis d&#039;endiguer la consommation. Selon le ministre de la Justice, Sam Tamson, cette modification de la loi constitue une premi\u00e8re \u00e9tape. Elle vise \u00e9galement \u00e0 \u00e9loigner les consommateurs du march\u00e9 ill\u00e9gal.<\/p>\n<p>\u201c Nous estimions qu\u2019il nous fallait agir ; nous avons un probl\u00e8me de drogue, et le cannabis est la drogue la plus consomm\u00e9e et repr\u00e9sente une part importante du march\u00e9 ill\u00e9gal \u201d, a d\u00e9clar\u00e9 Sam Tamson.<\/p>\n<h2>La nouvelle l\u00e9gislation sur le cannabis au Luxembourg\u00a0:<\/h2>\n<ul>\n<li>Les adultes de plus de 18 ans pourront l\u00e9galement cultiver jusqu&#039;\u00e0 quatre plants de cannabis par foyer pour leur usage personnel.<\/li>\n<li>La vente de semences sera autoris\u00e9e sans aucune limite quant \u00e0 la quantit\u00e9 ou au taux de THC.<\/li>\n<li>Ce sera possible <a href=\"https:\/\/genehtik.com\/fr\/tienda\/\">achat de semences<\/a> en magasin, les importer ou les acheter en ligne.<\/li>\n<li>Elle permettra la production nationale de semences \u00e0 des fins commerciales, mais les plans concernant une cha\u00eene de production nationale et une distribution r\u00e9glement\u00e9e par l&#039;\u00c9tat ont \u00e9t\u00e9 retard\u00e9s en raison de la pand\u00e9mie de Covid.<\/li>\n<li>Elle maintiendra l&#039;interdiction l\u00e9gale de consommer et de transporter du cannabis ou des produits d\u00e9riv\u00e9s du cannabis en public.<\/li>\n<li>La vente de cannabis ou de produits d\u00e9riv\u00e9s du cannabis, autres que les graines, restera interdite.<\/li>\n<li>La consommation et le transport d&#039;une quantit\u00e9 allant jusqu&#039;\u00e0 3 grammes ne seront plus consid\u00e9r\u00e9s comme un crime, mais comme un d\u00e9lit.<\/li>\n<\/ul>\n<p>Pour les cultivateurs amateurs, l&#039;emplacement de culture de leurs quatre plantes sera limit\u00e9 \u00e0 leur lieu de r\u00e9sidence habituel, \u00e0 l&#039;int\u00e9rieur ou \u00e0 l&#039;ext\u00e9rieur, sur un balcon, une terrasse ou dans un jardin.<\/p>\n<p>Les amendes seraient r\u00e9duites \u00e0 seulement 25 \u20ac pour la possession de moins de 3 grammes, contre 251 \u20ac et 2\u00a0500 \u20ac actuellement. \u201c\u00a0Au-del\u00e0 de trois grammes, rien ne change\u00a0; vous serez toujours consid\u00e9r\u00e9 comme un trafiquant\u00a0\u201d, a d\u00e9clar\u00e9 Tamson. \u201c\u00a0Rien ne change non plus pour les conducteurs\u00a0: la tol\u00e9rance z\u00e9ro est maintenue.\u00a0\u201d.<\/p>\n<p>Un syst\u00e8me de production et de distribution r\u00e9glement\u00e9 par l&#039;\u00c9tat est pr\u00e9vu pour garantir la qualit\u00e9 des produits et veiller \u00e0 ce que les recettes des ventes soient investies \u201c principalement dans la pr\u00e9vention, l&#039;\u00e9ducation et les soins m\u00e9dicaux dans le vaste domaine des toxicomanies \u201d, ont indiqu\u00e9 des sources gouvernementales.<\/p>","protected":false},"excerpt":{"rendered":"<p>Luxemburgo\u00a0ser\u00e1 el primer pa\u00eds europeo en legalizar la producci\u00f3n y el consumo de\u00a0cannabis. El gobierno de Xavier Bettel anunci\u00f3 el viernes 22 de octubre la autorizaci\u00f3n del cultivo de cannabis en el hogar y su consumo en el \u00e1mbito privado. El anuncio supone un cambio&#8230;<\/p>","protected":false},"author":1,"featured_media":21428,"comment_status":"open","ping_status":"open","sticky":false,"template":"","format":"standard","meta":{"bwfblock_default_font":"","footnotes":""},"categories":[313],"tags":[],"class_list":["post-21427","post","type-post","status-publish","format-standard","has-post-thumbnail","hentry","category-actualidad-cannabis"],"yoast_head":"<!-- This site is optimized with the Yoast SEO Premium plugin v23.0 (Yoast SEO v27.2) - https:\/\/yoast.com\/product\/yoast-seo-premium-wordpress\/ -->\n<title>Luxemburgo legaliza el cultivo y el consumo recreativo de cannabis<\/title>\n<meta name=\"description\" content=\"Luxemburgo\u00a0ser\u00e1 el primer pa\u00eds europeo en legalizar la producci\u00f3n y el consumo de\u00a0cannabis. Esto supondr\u00e1 un cambio en el enfoque del consumo y el cultivo.\" \/>\n<meta name=\"robots\" content=\"index, follow, max-snippet:-1, max-image-preview:large, max-video-preview:-1\" \/>\n<link rel=\"canonical\" href=\"https:\/\/genehtik.com\/fr\/actualidad-cannabis\/luxemburgo-legaliza-cannabis\/\" \/>\n<meta property=\"og:locale\" content=\"fr_FR\" \/>\n<meta property=\"og:type\" content=\"article\" \/>\n<meta property=\"og:title\" content=\"Luxemburgo legaliza el cultivo y el consumo recreativo de cannabis\" \/>\n<meta property=\"og:description\" content=\"Luxemburgo\u00a0ser\u00e1 el primer pa\u00eds europeo en legalizar la producci\u00f3n y el consumo de\u00a0cannabis. Esto supondr\u00e1 un cambio en el enfoque del consumo y el cultivo.\" \/>\n<meta property=\"og:url\" content=\"https:\/\/genehtik.com\/fr\/actualidad-cannabis\/luxemburgo-legaliza-cannabis\/\" \/>\n<meta property=\"og:site_name\" content=\"Genehtik\" \/>\n<meta property=\"article:publisher\" content=\"http:\/\/www.facebook.com\/Genehtik\" \/>\n<meta property=\"article:published_time\" content=\"2021-10-26T10:52:08+00:00\" \/>\n<meta property=\"og:image\" content=\"https:\/\/genehtik.com\/wp-content\/uploads\/2021\/10\/luxemburgo-legaliza-cannabis.jpg\" \/>\n\t<meta property=\"og:image:width\" content=\"765\" \/>\n\t<meta property=\"og:image:height\" content=\"482\" \/>\n\t<meta property=\"og:image:type\" content=\"image\/jpeg\" \/>\n<meta name=\"author\" content=\"Genehik\" \/>\n<meta name=\"twitter:card\" content=\"summary_large_image\" \/>\n<meta name=\"twitter:creator\" content=\"@GenehtikEs\" \/>\n<meta name=\"twitter:site\" content=\"@GenehtikEs\" \/>\n<meta name=\"twitter:label1\" content=\"\u00c9crit par\" \/>\n\t<meta name=\"twitter:data1\" content=\"Genehik\" \/>\n\t<meta name=\"twitter:label2\" content=\"Dur\u00e9e de lecture estim\u00e9e\" \/>\n\t<meta name=\"twitter:data2\" content=\"2 minutes\" \/>\n<script type=\"application\/ld+json\" class=\"yoast-schema-graph\">{\"@context\":\"https:\/\/schema.org\",\"@graph\":[{\"@type\":\"Article\",\"@id\":\"https:\/\/genehtik.com\/actualidad-cannabis\/luxemburgo-legaliza-cannabis\/#article\",\"isPartOf\":{\"@id\":\"https:\/\/genehtik.com\/actualidad-cannabis\/luxemburgo-legaliza-cannabis\/\"},\"author\":{\"name\":\"Genehik\",\"@id\":\"https:\/\/genehtik.com\/#\/schema\/person\/228f7e5af45cd9cd5f321be475f4d888\"},\"headline\":\"Luxemburgo legaliza el cultivo y el consumo recreativo de cannabis\",\"datePublished\":\"2021-10-26T10:52:08+00:00\",\"mainEntityOfPage\":{\"@id\":\"https:\/\/genehtik.com\/actualidad-cannabis\/luxemburgo-legaliza-cannabis\/\"},\"wordCount\":441,\"commentCount\":0,\"image\":{\"@id\":\"https:\/\/genehtik.com\/actualidad-cannabis\/luxemburgo-legaliza-cannabis\/#primaryimage\"},\"thumbnailUrl\":\"https:\/\/genehtik.com\/wp-content\/uploads\/2021\/10\/luxemburgo-legaliza-cannabis.jpg\",\"articleSection\":[\"Actualidad Cannabis\"],\"inLanguage\":\"fr-FR\"},{\"@type\":\"WebPage\",\"@id\":\"https:\/\/genehtik.com\/actualidad-cannabis\/luxemburgo-legaliza-cannabis\/\",\"url\":\"https:\/\/genehtik.com\/actualidad-cannabis\/luxemburgo-legaliza-cannabis\/\",\"name\":\"Luxemburgo legaliza el cultivo y el consumo recreativo de cannabis\",\"isPartOf\":{\"@id\":\"https:\/\/genehtik.com\/#website\"},\"primaryImageOfPage\":{\"@id\":\"https:\/\/genehtik.com\/actualidad-cannabis\/luxemburgo-legaliza-cannabis\/#primaryimage\"},\"image\":{\"@id\":\"https:\/\/genehtik.com\/actualidad-cannabis\/luxemburgo-legaliza-cannabis\/#primaryimage\"},\"thumbnailUrl\":\"https:\/\/genehtik.com\/wp-content\/uploads\/2021\/10\/luxemburgo-legaliza-cannabis.jpg\",\"datePublished\":\"2021-10-26T10:52:08+00:00\",\"author\":{\"@id\":\"https:\/\/genehtik.com\/#\/schema\/person\/228f7e5af45cd9cd5f321be475f4d888\"},\"description\":\"Luxemburgo\u00a0ser\u00e1 el primer pa\u00eds europeo en legalizar la producci\u00f3n y el consumo de\u00a0cannabis. Esto supondr\u00e1 un cambio en el enfoque del consumo y el cultivo.\",\"breadcrumb\":{\"@id\":\"https:\/\/genehtik.com\/actualidad-cannabis\/luxemburgo-legaliza-cannabis\/#breadcrumb\"},\"inLanguage\":\"fr-FR\",\"potentialAction\":[{\"@type\":\"ReadAction\",\"target\":[\"https:\/\/genehtik.com\/actualidad-cannabis\/luxemburgo-legaliza-cannabis\/\"]}]},{\"@type\":\"ImageObject\",\"inLanguage\":\"fr-FR\",\"@id\":\"https:\/\/genehtik.com\/actualidad-cannabis\/luxemburgo-legaliza-cannabis\/#primaryimage\",\"url\":\"https:\/\/genehtik.com\/wp-content\/uploads\/2021\/10\/luxemburgo-legaliza-cannabis.jpg\",\"contentUrl\":\"https:\/\/genehtik.com\/wp-content\/uploads\/2021\/10\/luxemburgo-legaliza-cannabis.jpg\",\"width\":765,\"height\":482,\"caption\":\"Luxemburgo legaliza el cultivo y el consumo de cannabis\"},{\"@type\":\"BreadcrumbList\",\"@id\":\"https:\/\/genehtik.com\/actualidad-cannabis\/luxemburgo-legaliza-cannabis\/#breadcrumb\",\"itemListElement\":[{\"@type\":\"ListItem\",\"position\":1,\"name\":\"Home\",\"item\":\"https:\/\/genehtik.com\/\"},{\"@type\":\"ListItem\",\"position\":2,\"name\":\"Luxemburgo legaliza el cultivo y el consumo recreativo de cannabis\"}]},{\"@type\":\"WebSite\",\"@id\":\"https:\/\/genehtik.com\/#website\",\"url\":\"https:\/\/genehtik.com\/\",\"name\":\"Genehtik\",\"description\":\"Banco de semillas de cannabis feminizadas y autoflorecientes de calidad y garant\u00eda\",\"potentialAction\":[{\"@type\":\"SearchAction\",\"target\":{\"@type\":\"EntryPoint\",\"urlTemplate\":\"https:\/\/genehtik.com\/?s={search_term_string}\"},\"query-input\":{\"@type\":\"PropertyValueSpecification\",\"valueRequired\":true,\"valueName\":\"search_term_string\"}}],\"inLanguage\":\"fr-FR\"},{\"@type\":\"Person\",\"@id\":\"https:\/\/genehtik.com\/#\/schema\/person\/228f7e5af45cd9cd5f321be475f4d888\",\"name\":\"Genehik\",\"image\":{\"@type\":\"ImageObject\",\"inLanguage\":\"fr-FR\",\"@id\":\"https:\/\/secure.gravatar.com\/avatar\/0c38fb2b0d6bb958b3d79edc87ba0c4274b16f0c56c9fe388c3bf7e9b31429b2?s=96&d=mm&r=g\",\"url\":\"https:\/\/secure.gravatar.com\/avatar\/0c38fb2b0d6bb958b3d79edc87ba0c4274b16f0c56c9fe388c3bf7e9b31429b2?s=96&d=mm&r=g\",\"contentUrl\":\"https:\/\/secure.gravatar.com\/avatar\/0c38fb2b0d6bb958b3d79edc87ba0c4274b16f0c56c9fe388c3bf7e9b31429b2?s=96&d=mm&r=g\",\"caption\":\"Genehik\"},\"sameAs\":[\"http:\/\/www.genehtik.com\"],\"url\":\"https:\/\/genehtik.com\/fr\/author\/genehtik\/\"}]}<\/script>\n<!-- \/ Yoast SEO Premium plugin. -->","yoast_head_json":{"title":"Le Luxembourg l\u00e9galise la culture et l&#039;usage r\u00e9cr\u00e9atif du cannabis","description":"Luxemburgo\u00a0ser\u00e1 el primer pa\u00eds europeo en legalizar la producci\u00f3n y el consumo de\u00a0cannabis. Esto supondr\u00e1 un cambio en el enfoque del consumo y el cultivo.","robots":{"index":"index","follow":"follow","max-snippet":"max-snippet:-1","max-image-preview":"max-image-preview:large","max-video-preview":"max-video-preview:-1"},"canonical":"https:\/\/genehtik.com\/fr\/actualidad-cannabis\/luxemburgo-legaliza-cannabis\/","og_locale":"fr_FR","og_type":"article","og_title":"Luxemburgo legaliza el cultivo y el consumo recreativo de cannabis","og_description":"Luxemburgo\u00a0ser\u00e1 el primer pa\u00eds europeo en legalizar la producci\u00f3n y el consumo de\u00a0cannabis. Esto supondr\u00e1 un cambio en el enfoque del consumo y el cultivo.","og_url":"https:\/\/genehtik.com\/fr\/actualidad-cannabis\/luxemburgo-legaliza-cannabis\/","og_site_name":"Genehtik","article_publisher":"http:\/\/www.facebook.com\/Genehtik","article_published_time":"2021-10-26T10:52:08+00:00","og_image":[{"width":765,"height":482,"url":"https:\/\/genehtik.com\/wp-content\/uploads\/2021\/10\/luxemburgo-legaliza-cannabis.jpg","type":"image\/jpeg"}],"author":"Genehik","twitter_card":"summary_large_image","twitter_creator":"@GenehtikEs","twitter_site":"@GenehtikEs","twitter_misc":{"\u00c9crit par":"Genehik","Dur\u00e9e de lecture estim\u00e9e":"2 minutes"},"schema":{"@context":"https:\/\/schema.org","@graph":[{"@type":"Article","@id":"https:\/\/genehtik.com\/actualidad-cannabis\/luxemburgo-legaliza-cannabis\/#article","isPartOf":{"@id":"https:\/\/genehtik.com\/actualidad-cannabis\/luxemburgo-legaliza-cannabis\/"},"author":{"name":"Genehik","@id":"https:\/\/genehtik.com\/#\/schema\/person\/228f7e5af45cd9cd5f321be475f4d888"},"headline":"Luxemburgo legaliza el cultivo y el consumo recreativo de cannabis","datePublished":"2021-10-26T10:52:08+00:00","mainEntityOfPage":{"@id":"https:\/\/genehtik.com\/actualidad-cannabis\/luxemburgo-legaliza-cannabis\/"},"wordCount":441,"commentCount":0,"image":{"@id":"https:\/\/genehtik.com\/actualidad-cannabis\/luxemburgo-legaliza-cannabis\/#primaryimage"},"thumbnailUrl":"https:\/\/genehtik.com\/wp-content\/uploads\/2021\/10\/luxemburgo-legaliza-cannabis.jpg","articleSection":["Actualidad Cannabis"],"inLanguage":"fr-FR"},{"@type":"WebPage","@id":"https:\/\/genehtik.com\/actualidad-cannabis\/luxemburgo-legaliza-cannabis\/","url":"https:\/\/genehtik.com\/actualidad-cannabis\/luxemburgo-legaliza-cannabis\/","name":"Le Luxembourg l\u00e9galise la culture et l&#039;usage r\u00e9cr\u00e9atif du cannabis","isPartOf":{"@id":"https:\/\/genehtik.com\/#website"},"primaryImageOfPage":{"@id":"https:\/\/genehtik.com\/actualidad-cannabis\/luxemburgo-legaliza-cannabis\/#primaryimage"},"image":{"@id":"https:\/\/genehtik.com\/actualidad-cannabis\/luxemburgo-legaliza-cannabis\/#primaryimage"},"thumbnailUrl":"https:\/\/genehtik.com\/wp-content\/uploads\/2021\/10\/luxemburgo-legaliza-cannabis.jpg","datePublished":"2021-10-26T10:52:08+00:00","author":{"@id":"https:\/\/genehtik.com\/#\/schema\/person\/228f7e5af45cd9cd5f321be475f4d888"},"description":"Luxemburgo\u00a0ser\u00e1 el primer pa\u00eds europeo en legalizar la producci\u00f3n y el consumo de\u00a0cannabis. Esto supondr\u00e1 un cambio en el enfoque del consumo y el cultivo.","breadcrumb":{"@id":"https:\/\/genehtik.com\/actualidad-cannabis\/luxemburgo-legaliza-cannabis\/#breadcrumb"},"inLanguage":"fr-FR","potentialAction":[{"@type":"ReadAction","target":["https:\/\/genehtik.com\/actualidad-cannabis\/luxemburgo-legaliza-cannabis\/"]}]},{"@type":"ImageObject","inLanguage":"fr-FR","@id":"https:\/\/genehtik.com\/actualidad-cannabis\/luxemburgo-legaliza-cannabis\/#primaryimage","url":"https:\/\/genehtik.com\/wp-content\/uploads\/2021\/10\/luxemburgo-legaliza-cannabis.jpg","contentUrl":"https:\/\/genehtik.com\/wp-content\/uploads\/2021\/10\/luxemburgo-legaliza-cannabis.jpg","width":765,"height":482,"caption":"Luxemburgo legaliza el cultivo y el consumo de cannabis"},{"@type":"BreadcrumbList","@id":"https:\/\/genehtik.com\/actualidad-cannabis\/luxemburgo-legaliza-cannabis\/#breadcrumb","itemListElement":[{"@type":"ListItem","position":1,"name":"Home","item":"https:\/\/genehtik.com\/"},{"@type":"ListItem","position":2,"name":"Luxemburgo legaliza el cultivo y el consumo recreativo de cannabis"}]},{"@type":"WebSite","@id":"https:\/\/genehtik.com\/#website","url":"https:\/\/genehtik.com\/","name":"Genehtik","description":"Banque de graines de cannabis f\u00e9minis\u00e9es et autoflorissantes de qualit\u00e9 garantie","potentialAction":[{"@type":"SearchAction","target":{"@type":"EntryPoint","urlTemplate":"https:\/\/genehtik.com\/?s={search_term_string}"},"query-input":{"@type":"PropertyValueSpecification","valueRequired":true,"valueName":"search_term_string"}}],"inLanguage":"fr-FR"},{"@type":"Person","@id":"https:\/\/genehtik.com\/#\/schema\/person\/228f7e5af45cd9cd5f321be475f4d888","name":"Genehik","image":{"@type":"ImageObject","inLanguage":"fr-FR","@id":"https:\/\/secure.gravatar.com\/avatar\/0c38fb2b0d6bb958b3d79edc87ba0c4274b16f0c56c9fe388c3bf7e9b31429b2?s=96&d=mm&r=g","url":"https:\/\/secure.gravatar.com\/avatar\/0c38fb2b0d6bb958b3d79edc87ba0c4274b16f0c56c9fe388c3bf7e9b31429b2?s=96&d=mm&r=g","contentUrl":"https:\/\/secure.gravatar.com\/avatar\/0c38fb2b0d6bb958b3d79edc87ba0c4274b16f0c56c9fe388c3bf7e9b31429b2?s=96&d=mm&r=g","caption":"Genehik"},"sameAs":["http:\/\/www.genehtik.com"],"url":"https:\/\/genehtik.com\/fr\/author\/genehtik\/"}]}},"_links":{"self":[{"href":"https:\/\/genehtik.com\/fr\/wp-json\/wp\/v2\/posts\/21427","targetHints":{"allow":["GET"]}}],"collection":[{"href":"https:\/\/genehtik.com\/fr\/wp-json\/wp\/v2\/posts"}],"about":[{"href":"https:\/\/genehtik.com\/fr\/wp-json\/wp\/v2\/types\/post"}],"author":[{"embeddable":true,"href":"https:\/\/genehtik.com\/fr\/wp-json\/wp\/v2\/users\/1"}],"replies":[{"embeddable":true,"href":"https:\/\/genehtik.com\/fr\/wp-json\/wp\/v2\/comments?post=21427"}],"version-history":[{"count":1,"href":"https:\/\/genehtik.com\/fr\/wp-json\/wp\/v2\/posts\/21427\/revisions"}],"predecessor-version":[{"id":21432,"href":"https:\/\/genehtik.com\/fr\/wp-json\/wp\/v2\/posts\/21427\/revisions\/21432"}],"wp:featuredmedia":[{"embeddable":true,"href":"https:\/\/genehtik.com\/fr\/wp-json\/wp\/v2\/media\/21428"}],"wp:attachment":[{"href":"https:\/\/genehtik.com\/fr\/wp-json\/wp\/v2\/media?parent=21427"}],"wp:term":[{"taxonomy":"category","embeddable":true,"href":"https:\/\/genehtik.com\/fr\/wp-json\/wp\/v2\/categories?post=21427"},{"taxonomy":"post_tag","embeddable":true,"href":"https:\/\/genehtik.com\/fr\/wp-json\/wp\/v2\/tags?post=21427"}],"curies":[{"name":"wp","href":"https:\/\/api.w.org\/{rel}","templated":true}]}}