{"id":9419,"date":"2016-10-13T09:26:01","date_gmt":"2016-10-13T09:26:01","guid":{"rendered":"https:\/\/clon.genehtik.com\/?p=9419"},"modified":"2026-03-17T11:18:20","modified_gmt":"2026-03-17T11:18:20","slug":"feria-del-cannabis-canapainmostra-2016","status":"publish","type":"post","link":"https:\/\/genehtik.com\/fr\/eventos-ferias-cannabicas\/feria-del-cannabis-canapainmostra-2016\/","title":{"rendered":"Salon du cannabis CanapaInMostra 2016"},"content":{"rendered":"<p>La 3\u00e8me \u00e9dition du salon du cannabis CanapaInMostra se tiendra les 14, 15 et 16 octobre 2016 dans le pavillon 10 du site Mostra d&#039;Oltremare \u00e0 Naples (Italie).<\/p>\n<p>Genehtik sera pr\u00e9sent avec Legalized, son distributeur officiel en Italie, sur le stand C-14.<\/p>\n<p>Le chanvre, connu et utilis\u00e9 dans le monde entier, regagne du terrain ces derniers temps gr\u00e2ce \u00e0 un regain d&#039;int\u00e9r\u00eat social et \u00e9conomique.<\/p>\n<p>En particulier, CanapaInMostra propose le cannabis comme une ressource \u00e9cologique dans l&#039;agriculture, l&#039;\u00e9nergie, la m\u00e9decine, l&#039;usage r\u00e9cr\u00e9atif, le textile, le papier, la construction \u00e9cologique et dans tous les autres domaines d&#039;application possibles, en essayant de saper les pr\u00e9jug\u00e9s sociaux et culturels qui s&#039;opposent \u00e0 sa r\u00e9introduction r\u00e9elle et massive dans le contexte italien.<\/p>\n<p>Aujourd&#039;hui, le cannabis a de nombreux domaines d&#039;utilisation, mais avec les progr\u00e8s technologiques et les d\u00e9couvertes scientifiques, ils pourraient devenir infinis, et la demande constante de nouvelles technologies respectueuses de l&#039;environnement impose la n\u00e9cessit\u00e9 de nouvelles recherches sur ce mat\u00e9riau extr\u00eamement polyvalent.<\/p>\n<p>L\u2019objectif de CanapaInMostra est de sensibiliser le grand public et les institutions au potentiel du cannabis et de rappeler la longue tradition qui lie l\u2019Italie au chanvre, en particulier la r\u00e9gion de Campanie, en essayant de fournir un lieu de rencontre, de formation et d\u2019\u00e9change pour les travailleurs, les experts, les passionn\u00e9s et toute personne int\u00e9ress\u00e9e par ce secteur renaissant en constante \u00e9volution et expansion.<\/p>\n<p><strong>Plus d&#039;informations\u00a0:<\/strong> <a href=\"http:\/\/www.canapainmostra.com\/\" target=\"_blank\" rel=\"noopener\">http:\/\/www.canapainmostra.com\/<\/a><\/p>","protected":false},"excerpt":{"rendered":"<p>Los d\u00edas 14, 15 y 16 de Octubre de 2016 se celebrar\u00e1 la 3a edici\u00f3n de la feria de cannabis CanapaInMostra en el pavell\u00f3n 10 del recinto Mostra d&#8217;Oltremare de N\u00e1poles (Italia). Genehtik estar\u00e1 presente junto a Legalized, su distribuidor oficial en Italia, en el&#8230;<\/p>","protected":false},"author":1,"featured_media":9420,"comment_status":"closed","ping_status":"closed","sticky":false,"template":"","format":"standard","meta":{"bwfblock_default_font":"","footnotes":""},"categories":[314],"tags":[687,318,540,688],"class_list":["post-9419","post","type-post","status-publish","format-standard","has-post-thumbnail","hentry","category-eventos-ferias-cannabicas","tag-canapainmostra","tag-cannabis","tag-feria-cannabis","tag-italia"],"yoast_head":"<!-- This site is optimized with the Yoast SEO Premium plugin v23.0 (Yoast SEO v27.2) - https:\/\/yoast.com\/product\/yoast-seo-premium-wordpress\/ -->\n<title>Feria del cannabis CanapaInMostra 2016<\/title>\n<meta name=\"description\" content=\"Los d\u00edas 14, 15 y 16 de Octubre de 2016 se celebrar\u00e1 la 3a edici\u00f3n de la feria de cannabis CanapaInMostra en N\u00e1poles (Italia).\" \/>\n<meta name=\"robots\" content=\"index, follow, max-snippet:-1, max-image-preview:large, max-video-preview:-1\" \/>\n<link rel=\"canonical\" href=\"https:\/\/genehtik.com\/fr\/eventos-ferias-cannabicas\/feria-del-cannabis-canapainmostra-2016\/\" \/>\n<meta property=\"og:locale\" content=\"fr_FR\" \/>\n<meta property=\"og:type\" content=\"article\" \/>\n<meta property=\"og:title\" content=\"Feria del cannabis CanapaInMostra 2016\" \/>\n<meta property=\"og:description\" content=\"Los d\u00edas 14, 15 y 16 de Octubre de 2016 se celebrar\u00e1 la 3a edici\u00f3n de la feria de cannabis CanapaInMostra en N\u00e1poles (Italia).\" \/>\n<meta property=\"og:url\" content=\"https:\/\/genehtik.com\/fr\/eventos-ferias-cannabicas\/feria-del-cannabis-canapainmostra-2016\/\" \/>\n<meta property=\"og:site_name\" content=\"Genehtik\" \/>\n<meta property=\"article:publisher\" content=\"http:\/\/www.facebook.com\/Genehtik\" \/>\n<meta property=\"article:published_time\" content=\"2016-10-13T09:26:01+00:00\" \/>\n<meta property=\"article:modified_time\" content=\"2026-03-17T11:18:20+00:00\" \/>\n<meta property=\"og:image\" content=\"https:\/\/genehtik.com\/wp-content\/uploads\/2016\/10\/CanapaInMostra-2016-cannabis.jpg\" \/>\n\t<meta property=\"og:image:width\" content=\"709\" \/>\n\t<meta property=\"og:image:height\" content=\"425\" \/>\n\t<meta property=\"og:image:type\" content=\"image\/jpeg\" \/>\n<meta name=\"author\" content=\"Genehik\" \/>\n<meta name=\"twitter:card\" content=\"summary_large_image\" \/>\n<meta name=\"twitter:creator\" content=\"@GenehtikEs\" \/>\n<meta name=\"twitter:site\" content=\"@GenehtikEs\" \/>\n<meta name=\"twitter:label1\" content=\"\u00c9crit par\" \/>\n\t<meta name=\"twitter:data1\" content=\"Genehik\" \/>\n\t<meta name=\"twitter:label2\" content=\"Dur\u00e9e de lecture estim\u00e9e\" \/>\n\t<meta name=\"twitter:data2\" content=\"2 minutes\" \/>\n<script type=\"application\/ld+json\" class=\"yoast-schema-graph\">{\"@context\":\"https:\/\/schema.org\",\"@graph\":[{\"@type\":\"Article\",\"@id\":\"https:\/\/genehtik.com\/eventos-ferias-cannabicas\/feria-del-cannabis-canapainmostra-2016\/#article\",\"isPartOf\":{\"@id\":\"https:\/\/genehtik.com\/eventos-ferias-cannabicas\/feria-del-cannabis-canapainmostra-2016\/\"},\"author\":{\"name\":\"Genehik\",\"@id\":\"https:\/\/genehtik.com\/#\/schema\/person\/228f7e5af45cd9cd5f321be475f4d888\"},\"headline\":\"Feria del cannabis CanapaInMostra 2016\",\"datePublished\":\"2016-10-13T09:26:01+00:00\",\"dateModified\":\"2026-03-17T11:18:20+00:00\",\"mainEntityOfPage\":{\"@id\":\"https:\/\/genehtik.com\/eventos-ferias-cannabicas\/feria-del-cannabis-canapainmostra-2016\/\"},\"wordCount\":283,\"image\":{\"@id\":\"https:\/\/genehtik.com\/eventos-ferias-cannabicas\/feria-del-cannabis-canapainmostra-2016\/#primaryimage\"},\"thumbnailUrl\":\"https:\/\/genehtik.com\/wp-content\/uploads\/2016\/10\/CanapaInMostra-2016-cannabis.jpg\",\"keywords\":[\"Canapainmostra\",\"cannabis\",\"feria cannabis\",\"italia\"],\"articleSection\":[\"Eventos y Ferias cann\u00e1bicas\"],\"inLanguage\":\"fr-FR\"},{\"@type\":\"WebPage\",\"@id\":\"https:\/\/genehtik.com\/eventos-ferias-cannabicas\/feria-del-cannabis-canapainmostra-2016\/\",\"url\":\"https:\/\/genehtik.com\/eventos-ferias-cannabicas\/feria-del-cannabis-canapainmostra-2016\/\",\"name\":\"Feria del cannabis CanapaInMostra 2016\",\"isPartOf\":{\"@id\":\"https:\/\/genehtik.com\/#website\"},\"primaryImageOfPage\":{\"@id\":\"https:\/\/genehtik.com\/eventos-ferias-cannabicas\/feria-del-cannabis-canapainmostra-2016\/#primaryimage\"},\"image\":{\"@id\":\"https:\/\/genehtik.com\/eventos-ferias-cannabicas\/feria-del-cannabis-canapainmostra-2016\/#primaryimage\"},\"thumbnailUrl\":\"https:\/\/genehtik.com\/wp-content\/uploads\/2016\/10\/CanapaInMostra-2016-cannabis.jpg\",\"datePublished\":\"2016-10-13T09:26:01+00:00\",\"dateModified\":\"2026-03-17T11:18:20+00:00\",\"author\":{\"@id\":\"https:\/\/genehtik.com\/#\/schema\/person\/228f7e5af45cd9cd5f321be475f4d888\"},\"description\":\"Los d\u00edas 14, 15 y 16 de Octubre de 2016 se celebrar\u00e1 la 3a edici\u00f3n de la feria de cannabis CanapaInMostra en N\u00e1poles (Italia).\",\"breadcrumb\":{\"@id\":\"https:\/\/genehtik.com\/eventos-ferias-cannabicas\/feria-del-cannabis-canapainmostra-2016\/#breadcrumb\"},\"inLanguage\":\"fr-FR\",\"potentialAction\":[{\"@type\":\"ReadAction\",\"target\":[\"https:\/\/genehtik.com\/eventos-ferias-cannabicas\/feria-del-cannabis-canapainmostra-2016\/\"]}]},{\"@type\":\"ImageObject\",\"inLanguage\":\"fr-FR\",\"@id\":\"https:\/\/genehtik.com\/eventos-ferias-cannabicas\/feria-del-cannabis-canapainmostra-2016\/#primaryimage\",\"url\":\"https:\/\/genehtik.com\/wp-content\/uploads\/2016\/10\/CanapaInMostra-2016-cannabis.jpg\",\"contentUrl\":\"https:\/\/genehtik.com\/wp-content\/uploads\/2016\/10\/CanapaInMostra-2016-cannabis.jpg\",\"width\":709,\"height\":425,\"caption\":\"Feria del cannabis CanapaInMostra 2016\"},{\"@type\":\"BreadcrumbList\",\"@id\":\"https:\/\/genehtik.com\/eventos-ferias-cannabicas\/feria-del-cannabis-canapainmostra-2016\/#breadcrumb\",\"itemListElement\":[{\"@type\":\"ListItem\",\"position\":1,\"name\":\"Home\",\"item\":\"https:\/\/genehtik.com\/\"},{\"@type\":\"ListItem\",\"position\":2,\"name\":\"Feria del cannabis CanapaInMostra 2016\"}]},{\"@type\":\"WebSite\",\"@id\":\"https:\/\/genehtik.com\/#website\",\"url\":\"https:\/\/genehtik.com\/\",\"name\":\"Genehtik\",\"description\":\"Banco de semillas de cannabis feminizadas y autoflorecientes de calidad y garant\u00eda\",\"potentialAction\":[{\"@type\":\"SearchAction\",\"target\":{\"@type\":\"EntryPoint\",\"urlTemplate\":\"https:\/\/genehtik.com\/?s={search_term_string}\"},\"query-input\":{\"@type\":\"PropertyValueSpecification\",\"valueRequired\":true,\"valueName\":\"search_term_string\"}}],\"inLanguage\":\"fr-FR\"},{\"@type\":\"Person\",\"@id\":\"https:\/\/genehtik.com\/#\/schema\/person\/228f7e5af45cd9cd5f321be475f4d888\",\"name\":\"Genehik\",\"image\":{\"@type\":\"ImageObject\",\"inLanguage\":\"fr-FR\",\"@id\":\"https:\/\/secure.gravatar.com\/avatar\/0c38fb2b0d6bb958b3d79edc87ba0c4274b16f0c56c9fe388c3bf7e9b31429b2?s=96&d=mm&r=g\",\"url\":\"https:\/\/secure.gravatar.com\/avatar\/0c38fb2b0d6bb958b3d79edc87ba0c4274b16f0c56c9fe388c3bf7e9b31429b2?s=96&d=mm&r=g\",\"contentUrl\":\"https:\/\/secure.gravatar.com\/avatar\/0c38fb2b0d6bb958b3d79edc87ba0c4274b16f0c56c9fe388c3bf7e9b31429b2?s=96&d=mm&r=g\",\"caption\":\"Genehik\"},\"sameAs\":[\"http:\/\/www.genehtik.com\"],\"url\":\"https:\/\/genehtik.com\/fr\/author\/genehtik\/\"}]}<\/script>\n<!-- \/ Yoast SEO Premium plugin. -->","yoast_head_json":{"title":"Salon du cannabis CanapaInMostra 2016","description":"Los d\u00edas 14, 15 y 16 de Octubre de 2016 se celebrar\u00e1 la 3a edici\u00f3n de la feria de cannabis CanapaInMostra en N\u00e1poles (Italia).","robots":{"index":"index","follow":"follow","max-snippet":"max-snippet:-1","max-image-preview":"max-image-preview:large","max-video-preview":"max-video-preview:-1"},"canonical":"https:\/\/genehtik.com\/fr\/eventos-ferias-cannabicas\/feria-del-cannabis-canapainmostra-2016\/","og_locale":"fr_FR","og_type":"article","og_title":"Feria del cannabis CanapaInMostra 2016","og_description":"Los d\u00edas 14, 15 y 16 de Octubre de 2016 se celebrar\u00e1 la 3a edici\u00f3n de la feria de cannabis CanapaInMostra en N\u00e1poles (Italia).","og_url":"https:\/\/genehtik.com\/fr\/eventos-ferias-cannabicas\/feria-del-cannabis-canapainmostra-2016\/","og_site_name":"Genehtik","article_publisher":"http:\/\/www.facebook.com\/Genehtik","article_published_time":"2016-10-13T09:26:01+00:00","article_modified_time":"2026-03-17T11:18:20+00:00","og_image":[{"width":709,"height":425,"url":"https:\/\/genehtik.com\/wp-content\/uploads\/2016\/10\/CanapaInMostra-2016-cannabis.jpg","type":"image\/jpeg"}],"author":"Genehik","twitter_card":"summary_large_image","twitter_creator":"@GenehtikEs","twitter_site":"@GenehtikEs","twitter_misc":{"\u00c9crit par":"Genehik","Dur\u00e9e de lecture estim\u00e9e":"2 minutes"},"schema":{"@context":"https:\/\/schema.org","@graph":[{"@type":"Article","@id":"https:\/\/genehtik.com\/eventos-ferias-cannabicas\/feria-del-cannabis-canapainmostra-2016\/#article","isPartOf":{"@id":"https:\/\/genehtik.com\/eventos-ferias-cannabicas\/feria-del-cannabis-canapainmostra-2016\/"},"author":{"name":"Genehik","@id":"https:\/\/genehtik.com\/#\/schema\/person\/228f7e5af45cd9cd5f321be475f4d888"},"headline":"Feria del cannabis CanapaInMostra 2016","datePublished":"2016-10-13T09:26:01+00:00","dateModified":"2026-03-17T11:18:20+00:00","mainEntityOfPage":{"@id":"https:\/\/genehtik.com\/eventos-ferias-cannabicas\/feria-del-cannabis-canapainmostra-2016\/"},"wordCount":283,"image":{"@id":"https:\/\/genehtik.com\/eventos-ferias-cannabicas\/feria-del-cannabis-canapainmostra-2016\/#primaryimage"},"thumbnailUrl":"https:\/\/genehtik.com\/wp-content\/uploads\/2016\/10\/CanapaInMostra-2016-cannabis.jpg","keywords":["Canapainmostra","cannabis","feria cannabis","italia"],"articleSection":["Eventos y Ferias cann\u00e1bicas"],"inLanguage":"fr-FR"},{"@type":"WebPage","@id":"https:\/\/genehtik.com\/eventos-ferias-cannabicas\/feria-del-cannabis-canapainmostra-2016\/","url":"https:\/\/genehtik.com\/eventos-ferias-cannabicas\/feria-del-cannabis-canapainmostra-2016\/","name":"Salon du cannabis CanapaInMostra 2016","isPartOf":{"@id":"https:\/\/genehtik.com\/#website"},"primaryImageOfPage":{"@id":"https:\/\/genehtik.com\/eventos-ferias-cannabicas\/feria-del-cannabis-canapainmostra-2016\/#primaryimage"},"image":{"@id":"https:\/\/genehtik.com\/eventos-ferias-cannabicas\/feria-del-cannabis-canapainmostra-2016\/#primaryimage"},"thumbnailUrl":"https:\/\/genehtik.com\/wp-content\/uploads\/2016\/10\/CanapaInMostra-2016-cannabis.jpg","datePublished":"2016-10-13T09:26:01+00:00","dateModified":"2026-03-17T11:18:20+00:00","author":{"@id":"https:\/\/genehtik.com\/#\/schema\/person\/228f7e5af45cd9cd5f321be475f4d888"},"description":"Los d\u00edas 14, 15 y 16 de Octubre de 2016 se celebrar\u00e1 la 3a edici\u00f3n de la feria de cannabis CanapaInMostra en N\u00e1poles (Italia).","breadcrumb":{"@id":"https:\/\/genehtik.com\/eventos-ferias-cannabicas\/feria-del-cannabis-canapainmostra-2016\/#breadcrumb"},"inLanguage":"fr-FR","potentialAction":[{"@type":"ReadAction","target":["https:\/\/genehtik.com\/eventos-ferias-cannabicas\/feria-del-cannabis-canapainmostra-2016\/"]}]},{"@type":"ImageObject","inLanguage":"fr-FR","@id":"https:\/\/genehtik.com\/eventos-ferias-cannabicas\/feria-del-cannabis-canapainmostra-2016\/#primaryimage","url":"https:\/\/genehtik.com\/wp-content\/uploads\/2016\/10\/CanapaInMostra-2016-cannabis.jpg","contentUrl":"https:\/\/genehtik.com\/wp-content\/uploads\/2016\/10\/CanapaInMostra-2016-cannabis.jpg","width":709,"height":425,"caption":"Feria del cannabis CanapaInMostra 2016"},{"@type":"BreadcrumbList","@id":"https:\/\/genehtik.com\/eventos-ferias-cannabicas\/feria-del-cannabis-canapainmostra-2016\/#breadcrumb","itemListElement":[{"@type":"ListItem","position":1,"name":"Home","item":"https:\/\/genehtik.com\/"},{"@type":"ListItem","position":2,"name":"Feria del cannabis CanapaInMostra 2016"}]},{"@type":"WebSite","@id":"https:\/\/genehtik.com\/#website","url":"https:\/\/genehtik.com\/","name":"Genehtik","description":"Banque de graines de cannabis f\u00e9minis\u00e9es et autoflorissantes de qualit\u00e9 garantie","potentialAction":[{"@type":"SearchAction","target":{"@type":"EntryPoint","urlTemplate":"https:\/\/genehtik.com\/?s={search_term_string}"},"query-input":{"@type":"PropertyValueSpecification","valueRequired":true,"valueName":"search_term_string"}}],"inLanguage":"fr-FR"},{"@type":"Person","@id":"https:\/\/genehtik.com\/#\/schema\/person\/228f7e5af45cd9cd5f321be475f4d888","name":"Genehik","image":{"@type":"ImageObject","inLanguage":"fr-FR","@id":"https:\/\/secure.gravatar.com\/avatar\/0c38fb2b0d6bb958b3d79edc87ba0c4274b16f0c56c9fe388c3bf7e9b31429b2?s=96&d=mm&r=g","url":"https:\/\/secure.gravatar.com\/avatar\/0c38fb2b0d6bb958b3d79edc87ba0c4274b16f0c56c9fe388c3bf7e9b31429b2?s=96&d=mm&r=g","contentUrl":"https:\/\/secure.gravatar.com\/avatar\/0c38fb2b0d6bb958b3d79edc87ba0c4274b16f0c56c9fe388c3bf7e9b31429b2?s=96&d=mm&r=g","caption":"Genehik"},"sameAs":["http:\/\/www.genehtik.com"],"url":"https:\/\/genehtik.com\/fr\/author\/genehtik\/"}]}},"_links":{"self":[{"href":"https:\/\/genehtik.com\/fr\/wp-json\/wp\/v2\/posts\/9419","targetHints":{"allow":["GET"]}}],"collection":[{"href":"https:\/\/genehtik.com\/fr\/wp-json\/wp\/v2\/posts"}],"about":[{"href":"https:\/\/genehtik.com\/fr\/wp-json\/wp\/v2\/types\/post"}],"author":[{"embeddable":true,"href":"https:\/\/genehtik.com\/fr\/wp-json\/wp\/v2\/users\/1"}],"replies":[{"embeddable":true,"href":"https:\/\/genehtik.com\/fr\/wp-json\/wp\/v2\/comments?post=9419"}],"version-history":[{"count":2,"href":"https:\/\/genehtik.com\/fr\/wp-json\/wp\/v2\/posts\/9419\/revisions"}],"predecessor-version":[{"id":5043547,"href":"https:\/\/genehtik.com\/fr\/wp-json\/wp\/v2\/posts\/9419\/revisions\/5043547"}],"wp:featuredmedia":[{"embeddable":true,"href":"https:\/\/genehtik.com\/fr\/wp-json\/wp\/v2\/media\/9420"}],"wp:attachment":[{"href":"https:\/\/genehtik.com\/fr\/wp-json\/wp\/v2\/media?parent=9419"}],"wp:term":[{"taxonomy":"category","embeddable":true,"href":"https:\/\/genehtik.com\/fr\/wp-json\/wp\/v2\/categories?post=9419"},{"taxonomy":"post_tag","embeddable":true,"href":"https:\/\/genehtik.com\/fr\/wp-json\/wp\/v2\/tags?post=9419"}],"curies":[{"name":"wp","href":"https:\/\/api.w.org\/{rel}","templated":true}]}}