{"id":7242,"date":"2015-09-17T09:52:27","date_gmt":"2015-09-17T09:52:27","guid":{"rendered":"https:\/\/clon.genehtik.com\/?p=7242"},"modified":"2026-03-17T11:42:17","modified_gmt":"2026-03-17T11:42:17","slug":"puerto-rico-cambia-la-politica-de-posesion-de-marihuana","status":"publish","type":"post","link":"https:\/\/genehtik.com\/it\/actualidad-cannabis\/puerto-rico-cambia-la-politica-de-posesion-de-marihuana\/","title":{"rendered":"Porto Rico modifica la normativa sul possesso di marijuana."},"content":{"rendered":"<p>Alejandro Garcia Padilla, governatore di Porto Rico, ha firmato un decreto esecutivo che modifica la normativa sul possesso di marijuana. Le nuove disposizioni stabiliscono che il possesso di sei grammi o meno di marijuana comporter\u00e0 solo una multa, lavori socialmente utili o un programma di riabilitazione.<\/p>\n<p>Le risorse stanziate per perseguire i reati legati alla marijuana hanno lo scopo di impedire la distribuzione ai minori, di impedire che i profitti derivanti dalle vendite illegali finiscano nelle mani di cartelli, bande criminali o organizzazioni criminali, di impedire il trasferimento della marijuana verso stati in cui \u00e8 legale, di prevenire la violenza sia nella distribuzione che nella coltivazione e di impedire che le aziende con attivit\u00e0 legali legate alla cannabis la utilizzino per il traffico di stupefacenti.<\/p>\n<p>Inoltre, per prevenire la guida sotto l&#039;effetto di stupefacenti e la coltivazione su terreni pubblici.<\/p>\n<p>Nel dicembre 2014, il Dipartimento delle Correzioni ha speso 2,3 milioni di dollari per la detenzione di consumatori e possessori di marijuana. Il governatore ha inoltre affermato che i fondi pubblici dovrebbero essere utilizzati per combattere la violenza, la corruzione derivante dal traffico di droga e altri gravi crimini.<\/p>\n<p>Garc\u00eda Padilla ha dichiarato: &quot;Spero che questo sia un primo passo affinch\u00e9 la questione possa essere affrontata a breve attraverso un intervento legislativo&quot;.<\/p>\n<p><strong>Fontana:<\/strong> <a href=\"http:\/\/www.univision.com\/\" target=\"_blank\" rel=\"noopener\">Univision.com<\/a><\/p>","protected":false},"excerpt":{"rendered":"<p>Alejandro Garcia Padilla, governador de Puerto Rico, ha firmado una orden ejecutiva que cambia la normativa legal sobre la posesi\u00f3n de marihuana. La nueva normativa legal establece que la posesi\u00f3n de seis gramos o menos de marihuana solo comportar\u00e1 una multa, condena de servicio comunitario&#8230;<\/p>","protected":false},"author":1,"featured_media":7243,"comment_status":"closed","ping_status":"closed","sticky":false,"template":"","format":"standard","meta":{"bwfblock_default_font":"","footnotes":""},"categories":[313],"tags":[560,321,559,558],"class_list":["post-7242","post","type-post","status-publish","format-standard","has-post-thumbnail","hentry","category-actualidad-cannabis","tag-ley","tag-marihuana","tag-posesion","tag-puerto-rico"],"yoast_head":"<!-- This site is optimized with the Yoast SEO Premium plugin v23.0 (Yoast SEO v27.2) - https:\/\/yoast.com\/product\/yoast-seo-premium-wordpress\/ -->\n<title>Puerto Rico cambia la pol\u00edtica de posesi\u00f3n de marihuana<\/title>\n<meta name=\"description\" content=\"Alejandro Garcia Padilla, governador de Puerto Rico, ha firmado una orden ejecutiva que cambia la normativa legal sobre la posesi\u00f3n de marihuana.\" \/>\n<meta name=\"robots\" content=\"index, follow, max-snippet:-1, max-image-preview:large, max-video-preview:-1\" \/>\n<link rel=\"canonical\" href=\"https:\/\/genehtik.com\/it\/actualidad-cannabis\/puerto-rico-cambia-la-politica-de-posesion-de-marihuana\/\" \/>\n<meta property=\"og:locale\" content=\"it_IT\" \/>\n<meta property=\"og:type\" content=\"article\" \/>\n<meta property=\"og:title\" content=\"Puerto Rico cambia la pol\u00edtica de posesi\u00f3n de marihuana\" \/>\n<meta property=\"og:description\" content=\"Alejandro Garcia Padilla, governador de Puerto Rico, ha firmado una orden ejecutiva que cambia la normativa legal sobre la posesi\u00f3n de marihuana.\" \/>\n<meta property=\"og:url\" content=\"https:\/\/genehtik.com\/it\/actualidad-cannabis\/puerto-rico-cambia-la-politica-de-posesion-de-marihuana\/\" \/>\n<meta property=\"og:site_name\" content=\"Genehtik\" \/>\n<meta property=\"article:publisher\" content=\"http:\/\/www.facebook.com\/Genehtik\" \/>\n<meta property=\"article:published_time\" content=\"2015-09-17T09:52:27+00:00\" \/>\n<meta property=\"article:modified_time\" content=\"2026-03-17T11:42:17+00:00\" \/>\n<meta property=\"og:image\" content=\"https:\/\/genehtik.com\/wp-content\/uploads\/2015\/09\/puerto-rico-cambio-politica-marihuana.jpg\" \/>\n\t<meta property=\"og:image:width\" content=\"792\" \/>\n\t<meta property=\"og:image:height\" content=\"646\" \/>\n\t<meta property=\"og:image:type\" content=\"image\/jpeg\" \/>\n<meta name=\"author\" content=\"Genehik\" \/>\n<meta name=\"twitter:card\" content=\"summary_large_image\" \/>\n<meta name=\"twitter:creator\" content=\"@GenehtikEs\" \/>\n<meta name=\"twitter:site\" content=\"@GenehtikEs\" \/>\n<meta name=\"twitter:label1\" content=\"Scritto da\" \/>\n\t<meta name=\"twitter:data1\" content=\"Genehik\" \/>\n\t<meta name=\"twitter:label2\" content=\"Tempo di lettura stimato\" \/>\n\t<meta name=\"twitter:data2\" content=\"2 minuti\" \/>\n<script type=\"application\/ld+json\" class=\"yoast-schema-graph\">{\"@context\":\"https:\/\/schema.org\",\"@graph\":[{\"@type\":\"Article\",\"@id\":\"https:\/\/genehtik.com\/actualidad-cannabis\/puerto-rico-cambia-la-politica-de-posesion-de-marihuana\/#article\",\"isPartOf\":{\"@id\":\"https:\/\/genehtik.com\/actualidad-cannabis\/puerto-rico-cambia-la-politica-de-posesion-de-marihuana\/\"},\"author\":{\"name\":\"Genehik\",\"@id\":\"https:\/\/genehtik.com\/#\/schema\/person\/228f7e5af45cd9cd5f321be475f4d888\"},\"headline\":\"Puerto Rico cambia la pol\u00edtica de posesi\u00f3n de marihuana\",\"datePublished\":\"2015-09-17T09:52:27+00:00\",\"dateModified\":\"2026-03-17T11:42:17+00:00\",\"mainEntityOfPage\":{\"@id\":\"https:\/\/genehtik.com\/actualidad-cannabis\/puerto-rico-cambia-la-politica-de-posesion-de-marihuana\/\"},\"wordCount\":240,\"image\":{\"@id\":\"https:\/\/genehtik.com\/actualidad-cannabis\/puerto-rico-cambia-la-politica-de-posesion-de-marihuana\/#primaryimage\"},\"thumbnailUrl\":\"https:\/\/genehtik.com\/wp-content\/uploads\/2015\/09\/puerto-rico-cambio-politica-marihuana.jpg\",\"keywords\":[\"ley\",\"marihuana\",\"posesion\",\"Puerto Rico\"],\"articleSection\":[\"Actualidad Cannabis\"],\"inLanguage\":\"it-IT\"},{\"@type\":\"WebPage\",\"@id\":\"https:\/\/genehtik.com\/actualidad-cannabis\/puerto-rico-cambia-la-politica-de-posesion-de-marihuana\/\",\"url\":\"https:\/\/genehtik.com\/actualidad-cannabis\/puerto-rico-cambia-la-politica-de-posesion-de-marihuana\/\",\"name\":\"Puerto Rico cambia la pol\u00edtica de posesi\u00f3n de marihuana\",\"isPartOf\":{\"@id\":\"https:\/\/genehtik.com\/#website\"},\"primaryImageOfPage\":{\"@id\":\"https:\/\/genehtik.com\/actualidad-cannabis\/puerto-rico-cambia-la-politica-de-posesion-de-marihuana\/#primaryimage\"},\"image\":{\"@id\":\"https:\/\/genehtik.com\/actualidad-cannabis\/puerto-rico-cambia-la-politica-de-posesion-de-marihuana\/#primaryimage\"},\"thumbnailUrl\":\"https:\/\/genehtik.com\/wp-content\/uploads\/2015\/09\/puerto-rico-cambio-politica-marihuana.jpg\",\"datePublished\":\"2015-09-17T09:52:27+00:00\",\"dateModified\":\"2026-03-17T11:42:17+00:00\",\"author\":{\"@id\":\"https:\/\/genehtik.com\/#\/schema\/person\/228f7e5af45cd9cd5f321be475f4d888\"},\"description\":\"Alejandro Garcia Padilla, governador de Puerto Rico, ha firmado una orden ejecutiva que cambia la normativa legal sobre la posesi\u00f3n de marihuana.\",\"breadcrumb\":{\"@id\":\"https:\/\/genehtik.com\/actualidad-cannabis\/puerto-rico-cambia-la-politica-de-posesion-de-marihuana\/#breadcrumb\"},\"inLanguage\":\"it-IT\",\"potentialAction\":[{\"@type\":\"ReadAction\",\"target\":[\"https:\/\/genehtik.com\/actualidad-cannabis\/puerto-rico-cambia-la-politica-de-posesion-de-marihuana\/\"]}]},{\"@type\":\"ImageObject\",\"inLanguage\":\"it-IT\",\"@id\":\"https:\/\/genehtik.com\/actualidad-cannabis\/puerto-rico-cambia-la-politica-de-posesion-de-marihuana\/#primaryimage\",\"url\":\"https:\/\/genehtik.com\/wp-content\/uploads\/2015\/09\/puerto-rico-cambio-politica-marihuana.jpg\",\"contentUrl\":\"https:\/\/genehtik.com\/wp-content\/uploads\/2015\/09\/puerto-rico-cambio-politica-marihuana.jpg\",\"width\":792,\"height\":646,\"caption\":\"Puerto Rico realiza un cambio la pol\u00edtica de posesi\u00f3n de marihuana\"},{\"@type\":\"BreadcrumbList\",\"@id\":\"https:\/\/genehtik.com\/actualidad-cannabis\/puerto-rico-cambia-la-politica-de-posesion-de-marihuana\/#breadcrumb\",\"itemListElement\":[{\"@type\":\"ListItem\",\"position\":1,\"name\":\"Home\",\"item\":\"https:\/\/genehtik.com\/\"},{\"@type\":\"ListItem\",\"position\":2,\"name\":\"Puerto Rico cambia la pol\u00edtica de posesi\u00f3n de marihuana\"}]},{\"@type\":\"WebSite\",\"@id\":\"https:\/\/genehtik.com\/#website\",\"url\":\"https:\/\/genehtik.com\/\",\"name\":\"Genehtik\",\"description\":\"Banco de semillas de cannabis feminizadas y autoflorecientes de calidad y garant\u00eda\",\"potentialAction\":[{\"@type\":\"SearchAction\",\"target\":{\"@type\":\"EntryPoint\",\"urlTemplate\":\"https:\/\/genehtik.com\/?s={search_term_string}\"},\"query-input\":{\"@type\":\"PropertyValueSpecification\",\"valueRequired\":true,\"valueName\":\"search_term_string\"}}],\"inLanguage\":\"it-IT\"},{\"@type\":\"Person\",\"@id\":\"https:\/\/genehtik.com\/#\/schema\/person\/228f7e5af45cd9cd5f321be475f4d888\",\"name\":\"Genehik\",\"image\":{\"@type\":\"ImageObject\",\"inLanguage\":\"it-IT\",\"@id\":\"https:\/\/secure.gravatar.com\/avatar\/0c38fb2b0d6bb958b3d79edc87ba0c4274b16f0c56c9fe388c3bf7e9b31429b2?s=96&d=mm&r=g\",\"url\":\"https:\/\/secure.gravatar.com\/avatar\/0c38fb2b0d6bb958b3d79edc87ba0c4274b16f0c56c9fe388c3bf7e9b31429b2?s=96&d=mm&r=g\",\"contentUrl\":\"https:\/\/secure.gravatar.com\/avatar\/0c38fb2b0d6bb958b3d79edc87ba0c4274b16f0c56c9fe388c3bf7e9b31429b2?s=96&d=mm&r=g\",\"caption\":\"Genehik\"},\"sameAs\":[\"http:\/\/www.genehtik.com\"],\"url\":\"https:\/\/genehtik.com\/it\/author\/genehtik\/\"}]}<\/script>\n<!-- \/ Yoast SEO Premium plugin. -->","yoast_head_json":{"title":"Porto Rico modifica la normativa sul possesso di marijuana.","description":"Alejandro Garcia Padilla, governador de Puerto Rico, ha firmado una orden ejecutiva que cambia la normativa legal sobre la posesi\u00f3n de marihuana.","robots":{"index":"index","follow":"follow","max-snippet":"max-snippet:-1","max-image-preview":"max-image-preview:large","max-video-preview":"max-video-preview:-1"},"canonical":"https:\/\/genehtik.com\/it\/actualidad-cannabis\/puerto-rico-cambia-la-politica-de-posesion-de-marihuana\/","og_locale":"it_IT","og_type":"article","og_title":"Puerto Rico cambia la pol\u00edtica de posesi\u00f3n de marihuana","og_description":"Alejandro Garcia Padilla, governador de Puerto Rico, ha firmado una orden ejecutiva que cambia la normativa legal sobre la posesi\u00f3n de marihuana.","og_url":"https:\/\/genehtik.com\/it\/actualidad-cannabis\/puerto-rico-cambia-la-politica-de-posesion-de-marihuana\/","og_site_name":"Genehtik","article_publisher":"http:\/\/www.facebook.com\/Genehtik","article_published_time":"2015-09-17T09:52:27+00:00","article_modified_time":"2026-03-17T11:42:17+00:00","og_image":[{"width":792,"height":646,"url":"https:\/\/genehtik.com\/wp-content\/uploads\/2015\/09\/puerto-rico-cambio-politica-marihuana.jpg","type":"image\/jpeg"}],"author":"Genehik","twitter_card":"summary_large_image","twitter_creator":"@GenehtikEs","twitter_site":"@GenehtikEs","twitter_misc":{"Scritto da":"Genehik","Tempo di lettura stimato":"2 minuti"},"schema":{"@context":"https:\/\/schema.org","@graph":[{"@type":"Article","@id":"https:\/\/genehtik.com\/actualidad-cannabis\/puerto-rico-cambia-la-politica-de-posesion-de-marihuana\/#article","isPartOf":{"@id":"https:\/\/genehtik.com\/actualidad-cannabis\/puerto-rico-cambia-la-politica-de-posesion-de-marihuana\/"},"author":{"name":"Genehik","@id":"https:\/\/genehtik.com\/#\/schema\/person\/228f7e5af45cd9cd5f321be475f4d888"},"headline":"Puerto Rico cambia la pol\u00edtica de posesi\u00f3n de marihuana","datePublished":"2015-09-17T09:52:27+00:00","dateModified":"2026-03-17T11:42:17+00:00","mainEntityOfPage":{"@id":"https:\/\/genehtik.com\/actualidad-cannabis\/puerto-rico-cambia-la-politica-de-posesion-de-marihuana\/"},"wordCount":240,"image":{"@id":"https:\/\/genehtik.com\/actualidad-cannabis\/puerto-rico-cambia-la-politica-de-posesion-de-marihuana\/#primaryimage"},"thumbnailUrl":"https:\/\/genehtik.com\/wp-content\/uploads\/2015\/09\/puerto-rico-cambio-politica-marihuana.jpg","keywords":["ley","marihuana","posesion","Puerto Rico"],"articleSection":["Actualidad Cannabis"],"inLanguage":"it-IT"},{"@type":"WebPage","@id":"https:\/\/genehtik.com\/actualidad-cannabis\/puerto-rico-cambia-la-politica-de-posesion-de-marihuana\/","url":"https:\/\/genehtik.com\/actualidad-cannabis\/puerto-rico-cambia-la-politica-de-posesion-de-marihuana\/","name":"Porto Rico modifica la normativa sul possesso di marijuana.","isPartOf":{"@id":"https:\/\/genehtik.com\/#website"},"primaryImageOfPage":{"@id":"https:\/\/genehtik.com\/actualidad-cannabis\/puerto-rico-cambia-la-politica-de-posesion-de-marihuana\/#primaryimage"},"image":{"@id":"https:\/\/genehtik.com\/actualidad-cannabis\/puerto-rico-cambia-la-politica-de-posesion-de-marihuana\/#primaryimage"},"thumbnailUrl":"https:\/\/genehtik.com\/wp-content\/uploads\/2015\/09\/puerto-rico-cambio-politica-marihuana.jpg","datePublished":"2015-09-17T09:52:27+00:00","dateModified":"2026-03-17T11:42:17+00:00","author":{"@id":"https:\/\/genehtik.com\/#\/schema\/person\/228f7e5af45cd9cd5f321be475f4d888"},"description":"Alejandro Garcia Padilla, governador de Puerto Rico, ha firmado una orden ejecutiva que cambia la normativa legal sobre la posesi\u00f3n de marihuana.","breadcrumb":{"@id":"https:\/\/genehtik.com\/actualidad-cannabis\/puerto-rico-cambia-la-politica-de-posesion-de-marihuana\/#breadcrumb"},"inLanguage":"it-IT","potentialAction":[{"@type":"ReadAction","target":["https:\/\/genehtik.com\/actualidad-cannabis\/puerto-rico-cambia-la-politica-de-posesion-de-marihuana\/"]}]},{"@type":"ImageObject","inLanguage":"it-IT","@id":"https:\/\/genehtik.com\/actualidad-cannabis\/puerto-rico-cambia-la-politica-de-posesion-de-marihuana\/#primaryimage","url":"https:\/\/genehtik.com\/wp-content\/uploads\/2015\/09\/puerto-rico-cambio-politica-marihuana.jpg","contentUrl":"https:\/\/genehtik.com\/wp-content\/uploads\/2015\/09\/puerto-rico-cambio-politica-marihuana.jpg","width":792,"height":646,"caption":"Puerto Rico realiza un cambio la pol\u00edtica de posesi\u00f3n de marihuana"},{"@type":"BreadcrumbList","@id":"https:\/\/genehtik.com\/actualidad-cannabis\/puerto-rico-cambia-la-politica-de-posesion-de-marihuana\/#breadcrumb","itemListElement":[{"@type":"ListItem","position":1,"name":"Home","item":"https:\/\/genehtik.com\/"},{"@type":"ListItem","position":2,"name":"Puerto Rico cambia la pol\u00edtica de posesi\u00f3n de marihuana"}]},{"@type":"WebSite","@id":"https:\/\/genehtik.com\/#website","url":"https:\/\/genehtik.com\/","name":"Genehtik","description":"Banco de semillas de cannabis feminizadas y autoflorecientes de calidad y garant\u00eda","potentialAction":[{"@type":"SearchAction","target":{"@type":"EntryPoint","urlTemplate":"https:\/\/genehtik.com\/?s={search_term_string}"},"query-input":{"@type":"PropertyValueSpecification","valueRequired":true,"valueName":"search_term_string"}}],"inLanguage":"it-IT"},{"@type":"Person","@id":"https:\/\/genehtik.com\/#\/schema\/person\/228f7e5af45cd9cd5f321be475f4d888","name":"Genehik","image":{"@type":"ImageObject","inLanguage":"it-IT","@id":"https:\/\/secure.gravatar.com\/avatar\/0c38fb2b0d6bb958b3d79edc87ba0c4274b16f0c56c9fe388c3bf7e9b31429b2?s=96&d=mm&r=g","url":"https:\/\/secure.gravatar.com\/avatar\/0c38fb2b0d6bb958b3d79edc87ba0c4274b16f0c56c9fe388c3bf7e9b31429b2?s=96&d=mm&r=g","contentUrl":"https:\/\/secure.gravatar.com\/avatar\/0c38fb2b0d6bb958b3d79edc87ba0c4274b16f0c56c9fe388c3bf7e9b31429b2?s=96&d=mm&r=g","caption":"Genehik"},"sameAs":["http:\/\/www.genehtik.com"],"url":"https:\/\/genehtik.com\/it\/author\/genehtik\/"}]}},"_links":{"self":[{"href":"https:\/\/genehtik.com\/it\/wp-json\/wp\/v2\/posts\/7242","targetHints":{"allow":["GET"]}}],"collection":[{"href":"https:\/\/genehtik.com\/it\/wp-json\/wp\/v2\/posts"}],"about":[{"href":"https:\/\/genehtik.com\/it\/wp-json\/wp\/v2\/types\/post"}],"author":[{"embeddable":true,"href":"https:\/\/genehtik.com\/it\/wp-json\/wp\/v2\/users\/1"}],"replies":[{"embeddable":true,"href":"https:\/\/genehtik.com\/it\/wp-json\/wp\/v2\/comments?post=7242"}],"version-history":[{"count":4,"href":"https:\/\/genehtik.com\/it\/wp-json\/wp\/v2\/posts\/7242\/revisions"}],"predecessor-version":[{"id":5043596,"href":"https:\/\/genehtik.com\/it\/wp-json\/wp\/v2\/posts\/7242\/revisions\/5043596"}],"wp:featuredmedia":[{"embeddable":true,"href":"https:\/\/genehtik.com\/it\/wp-json\/wp\/v2\/media\/7243"}],"wp:attachment":[{"href":"https:\/\/genehtik.com\/it\/wp-json\/wp\/v2\/media?parent=7242"}],"wp:term":[{"taxonomy":"category","embeddable":true,"href":"https:\/\/genehtik.com\/it\/wp-json\/wp\/v2\/categories?post=7242"},{"taxonomy":"post_tag","embeddable":true,"href":"https:\/\/genehtik.com\/it\/wp-json\/wp\/v2\/tags?post=7242"}],"curies":[{"name":"wp","href":"https:\/\/api.w.org\/{rel}","templated":true}]}}