{"id":7952,"date":"2015-11-26T10:50:52","date_gmt":"2015-11-26T10:50:52","guid":{"rendered":"https:\/\/clon.genehtik.com\/?p=7952"},"modified":"2026-03-17T11:33:14","modified_gmt":"2026-03-17T11:33:14","slug":"albert-rivera-a-favor-de-la-regulacion-de-la-marihuana","status":"publish","type":"post","link":"https:\/\/genehtik.com\/it\/actualidad-cannabis\/albert-rivera-a-favor-de-la-regulacion-de-la-marihuana\/","title":{"rendered":"Albert Rivera favorevole alla regolamentazione della marijuana"},"content":{"rendered":"<p>Albert Rivera, candidato di Ciudadanos alla presidenza del governo spagnolo, ha dichiarato in un&#039;intervista a El Hormiguero 3.0 di essere favorevole alla regolamentazione della marijuana.<\/p>\n<p>Rivera ha dichiarato: \u201cSono favorevole alla regolamentazione del consumo di marijuana. Gli adulti dovrebbero essere consapevoli dei danni causati dal fumo di marijuana, ma dovrebbero anche poterla consumare e sapere dove e come procurarsela. La mafia non \u00e8 la soluzione. Vietare qualcosa che funziona gi\u00e0 non \u00e8 la soluzione. Inoltre, voglio impedire ai minori di accedere a queste droghe. Voglio regolamentarne l&#039;uso, come avviene in altri Paesi.\u201d.<\/p>\n<p><a href=\"http:\/\/www.antena3.com\/\/videos-online\/programas\/el-hormiguero\/invitados\/trancas-barrancas-hacen-rueda-prensa-iberica-albert-rivera_2015112400212.html\" target=\"_blank\" rel=\"noopener\">Video di Albert Rivera su El Hormiguero 3.0<\/a><\/p>\n<p>Come ha dichiarato in un&#039;intervista a Onda Cero lo scorso aprile, \u00e8 favorevole all&#039;apertura di un dibattito sulla possibile legalizzazione di alcune droghe leggere come la cannabis, ricordando che tabacco e alcol sono legali. Ritiene che l&#039;obiettivo non sia aumentare il consumo di droghe, bens\u00ec ridurlo attraverso l&#039;educazione e la regolamentazione.<\/p>\n<p>Il settore della cannabis dovr\u00e0 prestare attenzione alle prossime elezioni, poich\u00e9 tre partiti politici spagnoli sono favorevoli alla regolamentazione della cannabis (Sinistra Unita, Podemos e Ciudadanos), mentre il PSOE \u00e8 aperto all&#039;apertura di un dibattito e il PP \u00e8 contrario.<\/p>","protected":false},"excerpt":{"rendered":"<p>Albert Rivera, candidato por Ciudadanos a la presidencia del Gobierno espa\u00f1ol, asegur\u00f3 en una entrevista en el Hormiguero 3.0 estar a favor de la regulaci\u00f3n de la marihuana. Rivera declar\u00f3: &#8220;Estoy a favor de que se regule el consumo de marihuana. Que la gente adulta&#8230;<\/p>","protected":false},"author":1,"featured_media":7953,"comment_status":"closed","ping_status":"closed","sticky":false,"template":"","format":"standard","meta":{"bwfblock_default_font":"","footnotes":""},"categories":[313],"tags":[608,565,321,607],"class_list":["post-7952","post","type-post","status-publish","format-standard","has-post-thumbnail","hentry","category-actualidad-cannabis","tag-ciudadanos","tag-legalizacion","tag-marihuana","tag-regulacion"],"yoast_head":"<!-- This site is optimized with the Yoast SEO Premium plugin v23.0 (Yoast SEO v27.2) - https:\/\/yoast.com\/product\/yoast-seo-premium-wordpress\/ -->\n<title>Albert Rivera a favor de la regulaci\u00f3n de la marihuana<\/title>\n<meta name=\"description\" content=\"Albert Rivera, candidato por Ciudadanos a la presidencia del Gobierno espa\u00f1ol, asegur\u00f3 estar a favor de la regulaci\u00f3n de la marihuana\" \/>\n<meta name=\"robots\" content=\"index, follow, max-snippet:-1, max-image-preview:large, max-video-preview:-1\" \/>\n<link rel=\"canonical\" href=\"https:\/\/genehtik.com\/it\/actualidad-cannabis\/albert-rivera-a-favor-de-la-regulacion-de-la-marihuana\/\" \/>\n<meta property=\"og:locale\" content=\"it_IT\" \/>\n<meta property=\"og:type\" content=\"article\" \/>\n<meta property=\"og:title\" content=\"Albert Rivera a favor de la regulaci\u00f3n de la marihuana\" \/>\n<meta property=\"og:description\" content=\"Albert Rivera, candidato por Ciudadanos a la presidencia del Gobierno espa\u00f1ol, asegur\u00f3 estar a favor de la regulaci\u00f3n de la marihuana\" \/>\n<meta property=\"og:url\" content=\"https:\/\/genehtik.com\/it\/actualidad-cannabis\/albert-rivera-a-favor-de-la-regulacion-de-la-marihuana\/\" \/>\n<meta property=\"og:site_name\" content=\"Genehtik\" \/>\n<meta property=\"article:publisher\" content=\"http:\/\/www.facebook.com\/Genehtik\" \/>\n<meta property=\"article:published_time\" content=\"2015-11-26T10:50:52+00:00\" \/>\n<meta property=\"article:modified_time\" content=\"2026-03-17T11:33:14+00:00\" \/>\n<meta property=\"og:image\" content=\"https:\/\/genehtik.com\/wp-content\/uploads\/2015\/11\/Rivera-regulacion-marihuana.jpg\" \/>\n\t<meta property=\"og:image:width\" content=\"640\" \/>\n\t<meta property=\"og:image:height\" content=\"319\" \/>\n\t<meta property=\"og:image:type\" content=\"image\/jpeg\" \/>\n<meta name=\"author\" content=\"Genehik\" \/>\n<meta name=\"twitter:card\" content=\"summary_large_image\" \/>\n<meta name=\"twitter:creator\" content=\"@GenehtikEs\" \/>\n<meta name=\"twitter:site\" content=\"@GenehtikEs\" \/>\n<meta name=\"twitter:label1\" content=\"Scritto da\" \/>\n\t<meta name=\"twitter:data1\" content=\"Genehik\" \/>\n\t<meta name=\"twitter:label2\" content=\"Tempo di lettura stimato\" \/>\n\t<meta name=\"twitter:data2\" content=\"2 minuti\" \/>\n<script type=\"application\/ld+json\" class=\"yoast-schema-graph\">{\"@context\":\"https:\/\/schema.org\",\"@graph\":[{\"@type\":\"Article\",\"@id\":\"https:\/\/genehtik.com\/actualidad-cannabis\/albert-rivera-a-favor-de-la-regulacion-de-la-marihuana\/#article\",\"isPartOf\":{\"@id\":\"https:\/\/genehtik.com\/actualidad-cannabis\/albert-rivera-a-favor-de-la-regulacion-de-la-marihuana\/\"},\"author\":{\"name\":\"Genehik\",\"@id\":\"https:\/\/genehtik.com\/#\/schema\/person\/228f7e5af45cd9cd5f321be475f4d888\"},\"headline\":\"Albert Rivera a favor de la regulaci\u00f3n de la marihuana\",\"datePublished\":\"2015-11-26T10:50:52+00:00\",\"dateModified\":\"2026-03-17T11:33:14+00:00\",\"mainEntityOfPage\":{\"@id\":\"https:\/\/genehtik.com\/actualidad-cannabis\/albert-rivera-a-favor-de-la-regulacion-de-la-marihuana\/\"},\"wordCount\":243,\"image\":{\"@id\":\"https:\/\/genehtik.com\/actualidad-cannabis\/albert-rivera-a-favor-de-la-regulacion-de-la-marihuana\/#primaryimage\"},\"thumbnailUrl\":\"https:\/\/genehtik.com\/wp-content\/uploads\/2015\/11\/Rivera-regulacion-marihuana.jpg\",\"keywords\":[\"Ciudadanos\",\"legalizaci\u00f3n\",\"marihuana\",\"regulacion\"],\"articleSection\":[\"Actualidad Cannabis\"],\"inLanguage\":\"it-IT\"},{\"@type\":\"WebPage\",\"@id\":\"https:\/\/genehtik.com\/actualidad-cannabis\/albert-rivera-a-favor-de-la-regulacion-de-la-marihuana\/\",\"url\":\"https:\/\/genehtik.com\/actualidad-cannabis\/albert-rivera-a-favor-de-la-regulacion-de-la-marihuana\/\",\"name\":\"Albert Rivera a favor de la regulaci\u00f3n de la marihuana\",\"isPartOf\":{\"@id\":\"https:\/\/genehtik.com\/#website\"},\"primaryImageOfPage\":{\"@id\":\"https:\/\/genehtik.com\/actualidad-cannabis\/albert-rivera-a-favor-de-la-regulacion-de-la-marihuana\/#primaryimage\"},\"image\":{\"@id\":\"https:\/\/genehtik.com\/actualidad-cannabis\/albert-rivera-a-favor-de-la-regulacion-de-la-marihuana\/#primaryimage\"},\"thumbnailUrl\":\"https:\/\/genehtik.com\/wp-content\/uploads\/2015\/11\/Rivera-regulacion-marihuana.jpg\",\"datePublished\":\"2015-11-26T10:50:52+00:00\",\"dateModified\":\"2026-03-17T11:33:14+00:00\",\"author\":{\"@id\":\"https:\/\/genehtik.com\/#\/schema\/person\/228f7e5af45cd9cd5f321be475f4d888\"},\"description\":\"Albert Rivera, candidato por Ciudadanos a la presidencia del Gobierno espa\u00f1ol, asegur\u00f3 estar a favor de la regulaci\u00f3n de la marihuana\",\"breadcrumb\":{\"@id\":\"https:\/\/genehtik.com\/actualidad-cannabis\/albert-rivera-a-favor-de-la-regulacion-de-la-marihuana\/#breadcrumb\"},\"inLanguage\":\"it-IT\",\"potentialAction\":[{\"@type\":\"ReadAction\",\"target\":[\"https:\/\/genehtik.com\/actualidad-cannabis\/albert-rivera-a-favor-de-la-regulacion-de-la-marihuana\/\"]}]},{\"@type\":\"ImageObject\",\"inLanguage\":\"it-IT\",\"@id\":\"https:\/\/genehtik.com\/actualidad-cannabis\/albert-rivera-a-favor-de-la-regulacion-de-la-marihuana\/#primaryimage\",\"url\":\"https:\/\/genehtik.com\/wp-content\/uploads\/2015\/11\/Rivera-regulacion-marihuana.jpg\",\"contentUrl\":\"https:\/\/genehtik.com\/wp-content\/uploads\/2015\/11\/Rivera-regulacion-marihuana.jpg\",\"width\":640,\"height\":319,\"caption\":\"Albert Rivera de Ciudadanos a favor de la regulacion de la marihuana\"},{\"@type\":\"BreadcrumbList\",\"@id\":\"https:\/\/genehtik.com\/actualidad-cannabis\/albert-rivera-a-favor-de-la-regulacion-de-la-marihuana\/#breadcrumb\",\"itemListElement\":[{\"@type\":\"ListItem\",\"position\":1,\"name\":\"Home\",\"item\":\"https:\/\/genehtik.com\/\"},{\"@type\":\"ListItem\",\"position\":2,\"name\":\"Albert Rivera a favor de la regulaci\u00f3n de la marihuana\"}]},{\"@type\":\"WebSite\",\"@id\":\"https:\/\/genehtik.com\/#website\",\"url\":\"https:\/\/genehtik.com\/\",\"name\":\"Genehtik\",\"description\":\"Banco de semillas de cannabis feminizadas y autoflorecientes de calidad y garant\u00eda\",\"potentialAction\":[{\"@type\":\"SearchAction\",\"target\":{\"@type\":\"EntryPoint\",\"urlTemplate\":\"https:\/\/genehtik.com\/?s={search_term_string}\"},\"query-input\":{\"@type\":\"PropertyValueSpecification\",\"valueRequired\":true,\"valueName\":\"search_term_string\"}}],\"inLanguage\":\"it-IT\"},{\"@type\":\"Person\",\"@id\":\"https:\/\/genehtik.com\/#\/schema\/person\/228f7e5af45cd9cd5f321be475f4d888\",\"name\":\"Genehik\",\"image\":{\"@type\":\"ImageObject\",\"inLanguage\":\"it-IT\",\"@id\":\"https:\/\/secure.gravatar.com\/avatar\/0c38fb2b0d6bb958b3d79edc87ba0c4274b16f0c56c9fe388c3bf7e9b31429b2?s=96&d=mm&r=g\",\"url\":\"https:\/\/secure.gravatar.com\/avatar\/0c38fb2b0d6bb958b3d79edc87ba0c4274b16f0c56c9fe388c3bf7e9b31429b2?s=96&d=mm&r=g\",\"contentUrl\":\"https:\/\/secure.gravatar.com\/avatar\/0c38fb2b0d6bb958b3d79edc87ba0c4274b16f0c56c9fe388c3bf7e9b31429b2?s=96&d=mm&r=g\",\"caption\":\"Genehik\"},\"sameAs\":[\"http:\/\/www.genehtik.com\"],\"url\":\"https:\/\/genehtik.com\/it\/author\/genehtik\/\"}]}<\/script>\n<!-- \/ Yoast SEO Premium plugin. -->","yoast_head_json":{"title":"Albert Rivera favorevole alla regolamentazione della marijuana","description":"Albert Rivera, candidato por Ciudadanos a la presidencia del Gobierno espa\u00f1ol, asegur\u00f3 estar a favor de la regulaci\u00f3n de la marihuana","robots":{"index":"index","follow":"follow","max-snippet":"max-snippet:-1","max-image-preview":"max-image-preview:large","max-video-preview":"max-video-preview:-1"},"canonical":"https:\/\/genehtik.com\/it\/actualidad-cannabis\/albert-rivera-a-favor-de-la-regulacion-de-la-marihuana\/","og_locale":"it_IT","og_type":"article","og_title":"Albert Rivera a favor de la regulaci\u00f3n de la marihuana","og_description":"Albert Rivera, candidato por Ciudadanos a la presidencia del Gobierno espa\u00f1ol, asegur\u00f3 estar a favor de la regulaci\u00f3n de la marihuana","og_url":"https:\/\/genehtik.com\/it\/actualidad-cannabis\/albert-rivera-a-favor-de-la-regulacion-de-la-marihuana\/","og_site_name":"Genehtik","article_publisher":"http:\/\/www.facebook.com\/Genehtik","article_published_time":"2015-11-26T10:50:52+00:00","article_modified_time":"2026-03-17T11:33:14+00:00","og_image":[{"width":640,"height":319,"url":"https:\/\/genehtik.com\/wp-content\/uploads\/2015\/11\/Rivera-regulacion-marihuana.jpg","type":"image\/jpeg"}],"author":"Genehik","twitter_card":"summary_large_image","twitter_creator":"@GenehtikEs","twitter_site":"@GenehtikEs","twitter_misc":{"Scritto da":"Genehik","Tempo di lettura stimato":"2 minuti"},"schema":{"@context":"https:\/\/schema.org","@graph":[{"@type":"Article","@id":"https:\/\/genehtik.com\/actualidad-cannabis\/albert-rivera-a-favor-de-la-regulacion-de-la-marihuana\/#article","isPartOf":{"@id":"https:\/\/genehtik.com\/actualidad-cannabis\/albert-rivera-a-favor-de-la-regulacion-de-la-marihuana\/"},"author":{"name":"Genehik","@id":"https:\/\/genehtik.com\/#\/schema\/person\/228f7e5af45cd9cd5f321be475f4d888"},"headline":"Albert Rivera a favor de la regulaci\u00f3n de la marihuana","datePublished":"2015-11-26T10:50:52+00:00","dateModified":"2026-03-17T11:33:14+00:00","mainEntityOfPage":{"@id":"https:\/\/genehtik.com\/actualidad-cannabis\/albert-rivera-a-favor-de-la-regulacion-de-la-marihuana\/"},"wordCount":243,"image":{"@id":"https:\/\/genehtik.com\/actualidad-cannabis\/albert-rivera-a-favor-de-la-regulacion-de-la-marihuana\/#primaryimage"},"thumbnailUrl":"https:\/\/genehtik.com\/wp-content\/uploads\/2015\/11\/Rivera-regulacion-marihuana.jpg","keywords":["Ciudadanos","legalizaci\u00f3n","marihuana","regulacion"],"articleSection":["Actualidad Cannabis"],"inLanguage":"it-IT"},{"@type":"WebPage","@id":"https:\/\/genehtik.com\/actualidad-cannabis\/albert-rivera-a-favor-de-la-regulacion-de-la-marihuana\/","url":"https:\/\/genehtik.com\/actualidad-cannabis\/albert-rivera-a-favor-de-la-regulacion-de-la-marihuana\/","name":"Albert Rivera favorevole alla regolamentazione della marijuana","isPartOf":{"@id":"https:\/\/genehtik.com\/#website"},"primaryImageOfPage":{"@id":"https:\/\/genehtik.com\/actualidad-cannabis\/albert-rivera-a-favor-de-la-regulacion-de-la-marihuana\/#primaryimage"},"image":{"@id":"https:\/\/genehtik.com\/actualidad-cannabis\/albert-rivera-a-favor-de-la-regulacion-de-la-marihuana\/#primaryimage"},"thumbnailUrl":"https:\/\/genehtik.com\/wp-content\/uploads\/2015\/11\/Rivera-regulacion-marihuana.jpg","datePublished":"2015-11-26T10:50:52+00:00","dateModified":"2026-03-17T11:33:14+00:00","author":{"@id":"https:\/\/genehtik.com\/#\/schema\/person\/228f7e5af45cd9cd5f321be475f4d888"},"description":"Albert Rivera, candidato por Ciudadanos a la presidencia del Gobierno espa\u00f1ol, asegur\u00f3 estar a favor de la regulaci\u00f3n de la marihuana","breadcrumb":{"@id":"https:\/\/genehtik.com\/actualidad-cannabis\/albert-rivera-a-favor-de-la-regulacion-de-la-marihuana\/#breadcrumb"},"inLanguage":"it-IT","potentialAction":[{"@type":"ReadAction","target":["https:\/\/genehtik.com\/actualidad-cannabis\/albert-rivera-a-favor-de-la-regulacion-de-la-marihuana\/"]}]},{"@type":"ImageObject","inLanguage":"it-IT","@id":"https:\/\/genehtik.com\/actualidad-cannabis\/albert-rivera-a-favor-de-la-regulacion-de-la-marihuana\/#primaryimage","url":"https:\/\/genehtik.com\/wp-content\/uploads\/2015\/11\/Rivera-regulacion-marihuana.jpg","contentUrl":"https:\/\/genehtik.com\/wp-content\/uploads\/2015\/11\/Rivera-regulacion-marihuana.jpg","width":640,"height":319,"caption":"Albert Rivera de Ciudadanos a favor de la regulacion de la marihuana"},{"@type":"BreadcrumbList","@id":"https:\/\/genehtik.com\/actualidad-cannabis\/albert-rivera-a-favor-de-la-regulacion-de-la-marihuana\/#breadcrumb","itemListElement":[{"@type":"ListItem","position":1,"name":"Home","item":"https:\/\/genehtik.com\/"},{"@type":"ListItem","position":2,"name":"Albert Rivera a favor de la regulaci\u00f3n de la marihuana"}]},{"@type":"WebSite","@id":"https:\/\/genehtik.com\/#website","url":"https:\/\/genehtik.com\/","name":"Genehtik","description":"Banco de semillas de cannabis feminizadas y autoflorecientes de calidad y garant\u00eda","potentialAction":[{"@type":"SearchAction","target":{"@type":"EntryPoint","urlTemplate":"https:\/\/genehtik.com\/?s={search_term_string}"},"query-input":{"@type":"PropertyValueSpecification","valueRequired":true,"valueName":"search_term_string"}}],"inLanguage":"it-IT"},{"@type":"Person","@id":"https:\/\/genehtik.com\/#\/schema\/person\/228f7e5af45cd9cd5f321be475f4d888","name":"Genehik","image":{"@type":"ImageObject","inLanguage":"it-IT","@id":"https:\/\/secure.gravatar.com\/avatar\/0c38fb2b0d6bb958b3d79edc87ba0c4274b16f0c56c9fe388c3bf7e9b31429b2?s=96&d=mm&r=g","url":"https:\/\/secure.gravatar.com\/avatar\/0c38fb2b0d6bb958b3d79edc87ba0c4274b16f0c56c9fe388c3bf7e9b31429b2?s=96&d=mm&r=g","contentUrl":"https:\/\/secure.gravatar.com\/avatar\/0c38fb2b0d6bb958b3d79edc87ba0c4274b16f0c56c9fe388c3bf7e9b31429b2?s=96&d=mm&r=g","caption":"Genehik"},"sameAs":["http:\/\/www.genehtik.com"],"url":"https:\/\/genehtik.com\/it\/author\/genehtik\/"}]}},"_links":{"self":[{"href":"https:\/\/genehtik.com\/it\/wp-json\/wp\/v2\/posts\/7952","targetHints":{"allow":["GET"]}}],"collection":[{"href":"https:\/\/genehtik.com\/it\/wp-json\/wp\/v2\/posts"}],"about":[{"href":"https:\/\/genehtik.com\/it\/wp-json\/wp\/v2\/types\/post"}],"author":[{"embeddable":true,"href":"https:\/\/genehtik.com\/it\/wp-json\/wp\/v2\/users\/1"}],"replies":[{"embeddable":true,"href":"https:\/\/genehtik.com\/it\/wp-json\/wp\/v2\/comments?post=7952"}],"version-history":[{"count":2,"href":"https:\/\/genehtik.com\/it\/wp-json\/wp\/v2\/posts\/7952\/revisions"}],"predecessor-version":[{"id":5043578,"href":"https:\/\/genehtik.com\/it\/wp-json\/wp\/v2\/posts\/7952\/revisions\/5043578"}],"wp:featuredmedia":[{"embeddable":true,"href":"https:\/\/genehtik.com\/it\/wp-json\/wp\/v2\/media\/7953"}],"wp:attachment":[{"href":"https:\/\/genehtik.com\/it\/wp-json\/wp\/v2\/media?parent=7952"}],"wp:term":[{"taxonomy":"category","embeddable":true,"href":"https:\/\/genehtik.com\/it\/wp-json\/wp\/v2\/categories?post=7952"},{"taxonomy":"post_tag","embeddable":true,"href":"https:\/\/genehtik.com\/it\/wp-json\/wp\/v2\/tags?post=7952"}],"curies":[{"name":"wp","href":"https:\/\/api.w.org\/{rel}","templated":true}]}}