{"id":18251,"date":"2019-05-13T10:20:38","date_gmt":"2019-05-13T10:20:38","guid":{"rendered":"https:\/\/clon.genehtik.com\/?p=18251"},"modified":"2019-05-13T10:20:38","modified_gmt":"2019-05-13T10:20:38","slug":"marcha-marihuana-madrid-2019","status":"publish","type":"post","link":"https:\/\/genehtik.com\/pt\/actualidad-cannabis\/marcha-marihuana-madrid-2019\/","title":{"rendered":"Sucesso da marcha pela legaliza\u00e7\u00e3o da maconha em Madri, em 2019."},"content":{"rendered":"<p>Sucesso da 23\u00aa edi\u00e7\u00e3o da marcha pela legaliza\u00e7\u00e3o da maconha, realizada na Gran V\u00eda de Madri neste s\u00e1bado, 11 de maio de 2019, para exigir a regulamenta\u00e7\u00e3o da maconha.<\/p>\n<p>Milhares de manifestantes da Espanha e de outros pa\u00edses ao redor do mundo se reuniram para celebrar esta marcha.<\/p>\n<p>A manifesta\u00e7\u00e3o transcorreu pacificamente, com gritos de &quot;A Gran V\u00eda cheira a maconha&quot; ou &quot;Um baseado n\u00e3o \u00e9 crime&quot;.<\/p>\n<p>Durante a marcha, foi organizado um espa\u00e7o para que as pessoas pudessem conversar e fumar. A marcha foi acompanhada por bal\u00f5es verdes, brancos e pretos, bem como faixas pedindo a legaliza\u00e7\u00e3o da maconha para uso terap\u00eautico e recreativo.<\/p>\n<p>\u201cFoi demonstrado que \u00e9 algo que deve ser regulamentado em vez de proibido\u201d, declarou Javier Miravete, porta-voz da Federa\u00e7\u00e3o das Associa\u00e7\u00f5es de Cannabis do Levante e presidente de uma associa\u00e7\u00e3o.<\/p>\n<p>Javier Puig destacou que \u201cEste \u00e9 um momento de ventos pol\u00edticos favor\u00e1veis. Eles ter\u00e3o que prestar contas pelos votos que receberam\u201d. Ele tamb\u00e9m expressou seu apoio ao relat\u00f3rio da OMS que pediu a remo\u00e7\u00e3o da maconha da lista de drogas perigosas, afirmando: \u201cSe a OMS decidir isso, quem, e com que justificativas, poder\u00e1 se opor a essa recomenda\u00e7\u00e3o?\u201d.<\/p>\n<p class=\"mce\">\u201c&quot;Acho que todos deveriam ter a liberdade de escolher quando fumar, mas sem abusar disso&quot;, diz um usu\u00e1rio an\u00f4nimo, alegando que &quot;se n\u00e3o fosse proibido, seria tratado com muito mais respeito&quot;.<\/p>\n<p class=\"mce\">Tamb\u00e9m foram expressas opini\u00f5es exigindo maior controle e transpar\u00eancia em rela\u00e7\u00e3o \u00e0 origem e ao destino da maconha. Isso inclui o pagamento dos impostos que o governo considera apropriados para criar um arcabou\u00e7o regulat\u00f3rio que beneficie a todos.<\/p>\n<p>Fonte: <a href=\"https:\/\/www.eldiario.es\">Eldiario.es<\/a><\/p>\n<p><em>Lembre-se que em nosso <strong>banco de sementes de maconha<\/strong> Genehtik voc\u00ea pode adquirir v\u00e1rios <a href=\"https:\/\/genehtik.com\/pt\/comprar-semillas-de-marihuana-feminizadas-genehtik\/\">Gen\u00e9tica de qualidade e garantida<\/a>.<\/em><\/p>","protected":false},"excerpt":{"rendered":"<p>\u00c9xito de la 23\u00aa edici\u00f3n de la marcha de la marihuana celebrada en la Gran V\u00eda de Madrid este s\u00e1bado 11 de mayo de 2019, para pedir la regularizaci\u00f3n de la marihuana. Miles de manifestantes llegados desde Espa\u00f1a y otros pa\u00edses del mundo se congregaron&#8230;<\/p>","protected":false},"author":1,"featured_media":18252,"comment_status":"open","ping_status":"open","sticky":false,"template":"","format":"standard","meta":{"bwfblock_default_font":"","footnotes":""},"categories":[313],"tags":[],"class_list":["post-18251","post","type-post","status-publish","format-standard","has-post-thumbnail","hentry","category-actualidad-cannabis"],"yoast_head":"<!-- This site is optimized with the Yoast SEO Premium plugin v23.0 (Yoast SEO v27.2) - https:\/\/yoast.com\/product\/yoast-seo-premium-wordpress\/ -->\n<title>\u00c9xito de la marcha de la marihuana 2019 en la Gran V\u00eda de Madrid<\/title>\n<meta name=\"description\" content=\"\u00c9xito de la marcha de la marihuana celebrada en la Gran V\u00eda de Madrid este s\u00e1bado 11 de mayo de 2019, para pedir la regularizaci\u00f3n de la marihuana.\" \/>\n<meta name=\"robots\" content=\"index, follow, max-snippet:-1, max-image-preview:large, max-video-preview:-1\" \/>\n<link rel=\"canonical\" href=\"https:\/\/genehtik.com\/pt\/actualidad-cannabis\/marcha-marihuana-madrid-2019\/\" \/>\n<meta property=\"og:locale\" content=\"pt_PT\" \/>\n<meta property=\"og:type\" content=\"article\" \/>\n<meta property=\"og:title\" content=\"\u00c9xito de la marcha de la marihuana 2019 en Madrid\" \/>\n<meta property=\"og:description\" content=\"\u00c9xito de la marcha de la marihuana celebrada en la Gran V\u00eda de Madrid este s\u00e1bado 11 de mayo de 2019, para pedir la regularizaci\u00f3n de la marihuana.\" \/>\n<meta property=\"og:url\" content=\"https:\/\/genehtik.com\/pt\/actualidad-cannabis\/marcha-marihuana-madrid-2019\/\" \/>\n<meta property=\"og:site_name\" content=\"Genehtik\" \/>\n<meta property=\"article:publisher\" content=\"http:\/\/www.facebook.com\/Genehtik\" \/>\n<meta property=\"article:published_time\" content=\"2019-05-13T10:20:38+00:00\" \/>\n<meta property=\"og:image\" content=\"https:\/\/genehtik.com\/wp-content\/uploads\/2019\/05\/marcha-marihuana-madrid2019.jpg\" \/>\n\t<meta property=\"og:image:width\" content=\"765\" \/>\n\t<meta property=\"og:image:height\" content=\"482\" \/>\n\t<meta property=\"og:image:type\" content=\"image\/jpeg\" \/>\n<meta name=\"author\" content=\"Genehik\" \/>\n<meta name=\"twitter:card\" content=\"summary_large_image\" \/>\n<meta name=\"twitter:creator\" content=\"@GenehtikEs\" \/>\n<meta name=\"twitter:site\" content=\"@GenehtikEs\" \/>\n<meta name=\"twitter:label1\" content=\"Escrito por\" \/>\n\t<meta name=\"twitter:data1\" content=\"Genehik\" \/>\n\t<meta name=\"twitter:label2\" content=\"Tempo estimado de leitura\" \/>\n\t<meta name=\"twitter:data2\" content=\"2 minutos\" \/>\n<script type=\"application\/ld+json\" class=\"yoast-schema-graph\">{\"@context\":\"https:\/\/schema.org\",\"@graph\":[{\"@type\":\"Article\",\"@id\":\"https:\/\/genehtik.com\/actualidad-cannabis\/marcha-marihuana-madrid-2019\/#article\",\"isPartOf\":{\"@id\":\"https:\/\/genehtik.com\/actualidad-cannabis\/marcha-marihuana-madrid-2019\/\"},\"author\":{\"name\":\"Genehik\",\"@id\":\"https:\/\/genehtik.com\/#\/schema\/person\/228f7e5af45cd9cd5f321be475f4d888\"},\"headline\":\"\u00c9xito de la marcha de la marihuana 2019 en Madrid\",\"datePublished\":\"2019-05-13T10:20:38+00:00\",\"mainEntityOfPage\":{\"@id\":\"https:\/\/genehtik.com\/actualidad-cannabis\/marcha-marihuana-madrid-2019\/\"},\"wordCount\":330,\"commentCount\":0,\"image\":{\"@id\":\"https:\/\/genehtik.com\/actualidad-cannabis\/marcha-marihuana-madrid-2019\/#primaryimage\"},\"thumbnailUrl\":\"https:\/\/genehtik.com\/wp-content\/uploads\/2019\/05\/marcha-marihuana-madrid2019.jpg\",\"articleSection\":[\"Actualidad Cannabis\"],\"inLanguage\":\"pt-PT\"},{\"@type\":\"WebPage\",\"@id\":\"https:\/\/genehtik.com\/actualidad-cannabis\/marcha-marihuana-madrid-2019\/\",\"url\":\"https:\/\/genehtik.com\/actualidad-cannabis\/marcha-marihuana-madrid-2019\/\",\"name\":\"\u00c9xito de la marcha de la marihuana 2019 en la Gran V\u00eda de Madrid\",\"isPartOf\":{\"@id\":\"https:\/\/genehtik.com\/#website\"},\"primaryImageOfPage\":{\"@id\":\"https:\/\/genehtik.com\/actualidad-cannabis\/marcha-marihuana-madrid-2019\/#primaryimage\"},\"image\":{\"@id\":\"https:\/\/genehtik.com\/actualidad-cannabis\/marcha-marihuana-madrid-2019\/#primaryimage\"},\"thumbnailUrl\":\"https:\/\/genehtik.com\/wp-content\/uploads\/2019\/05\/marcha-marihuana-madrid2019.jpg\",\"datePublished\":\"2019-05-13T10:20:38+00:00\",\"author\":{\"@id\":\"https:\/\/genehtik.com\/#\/schema\/person\/228f7e5af45cd9cd5f321be475f4d888\"},\"description\":\"\u00c9xito de la marcha de la marihuana celebrada en la Gran V\u00eda de Madrid este s\u00e1bado 11 de mayo de 2019, para pedir la regularizaci\u00f3n de la marihuana.\",\"breadcrumb\":{\"@id\":\"https:\/\/genehtik.com\/actualidad-cannabis\/marcha-marihuana-madrid-2019\/#breadcrumb\"},\"inLanguage\":\"pt-PT\",\"potentialAction\":[{\"@type\":\"ReadAction\",\"target\":[\"https:\/\/genehtik.com\/actualidad-cannabis\/marcha-marihuana-madrid-2019\/\"]}]},{\"@type\":\"ImageObject\",\"inLanguage\":\"pt-PT\",\"@id\":\"https:\/\/genehtik.com\/actualidad-cannabis\/marcha-marihuana-madrid-2019\/#primaryimage\",\"url\":\"https:\/\/genehtik.com\/wp-content\/uploads\/2019\/05\/marcha-marihuana-madrid2019.jpg\",\"contentUrl\":\"https:\/\/genehtik.com\/wp-content\/uploads\/2019\/05\/marcha-marihuana-madrid2019.jpg\",\"width\":765,\"height\":482,\"caption\":\"Marcha de la marihuana 2019 en Madrid\"},{\"@type\":\"BreadcrumbList\",\"@id\":\"https:\/\/genehtik.com\/actualidad-cannabis\/marcha-marihuana-madrid-2019\/#breadcrumb\",\"itemListElement\":[{\"@type\":\"ListItem\",\"position\":1,\"name\":\"Home\",\"item\":\"https:\/\/genehtik.com\/\"},{\"@type\":\"ListItem\",\"position\":2,\"name\":\"\u00c9xito de la marcha de la marihuana 2019 en Madrid\"}]},{\"@type\":\"WebSite\",\"@id\":\"https:\/\/genehtik.com\/#website\",\"url\":\"https:\/\/genehtik.com\/\",\"name\":\"Genehtik\",\"description\":\"Banco de semillas de cannabis feminizadas y autoflorecientes de calidad y garant\u00eda\",\"potentialAction\":[{\"@type\":\"SearchAction\",\"target\":{\"@type\":\"EntryPoint\",\"urlTemplate\":\"https:\/\/genehtik.com\/?s={search_term_string}\"},\"query-input\":{\"@type\":\"PropertyValueSpecification\",\"valueRequired\":true,\"valueName\":\"search_term_string\"}}],\"inLanguage\":\"pt-PT\"},{\"@type\":\"Person\",\"@id\":\"https:\/\/genehtik.com\/#\/schema\/person\/228f7e5af45cd9cd5f321be475f4d888\",\"name\":\"Genehik\",\"image\":{\"@type\":\"ImageObject\",\"inLanguage\":\"pt-PT\",\"@id\":\"https:\/\/secure.gravatar.com\/avatar\/0c38fb2b0d6bb958b3d79edc87ba0c4274b16f0c56c9fe388c3bf7e9b31429b2?s=96&d=mm&r=g\",\"url\":\"https:\/\/secure.gravatar.com\/avatar\/0c38fb2b0d6bb958b3d79edc87ba0c4274b16f0c56c9fe388c3bf7e9b31429b2?s=96&d=mm&r=g\",\"contentUrl\":\"https:\/\/secure.gravatar.com\/avatar\/0c38fb2b0d6bb958b3d79edc87ba0c4274b16f0c56c9fe388c3bf7e9b31429b2?s=96&d=mm&r=g\",\"caption\":\"Genehik\"},\"sameAs\":[\"http:\/\/www.genehtik.com\"],\"url\":\"https:\/\/genehtik.com\/pt\/author\/genehtik\/\"}]}<\/script>\n<!-- \/ Yoast SEO Premium plugin. -->","yoast_head_json":{"title":"\u00c9xito de la marcha de la marihuana 2019 en la Gran V\u00eda de Madrid","description":"\u00c9xito de la marcha de la marihuana celebrada en la Gran V\u00eda de Madrid este s\u00e1bado 11 de mayo de 2019, para pedir la regularizaci\u00f3n de la marihuana.","robots":{"index":"index","follow":"follow","max-snippet":"max-snippet:-1","max-image-preview":"max-image-preview:large","max-video-preview":"max-video-preview:-1"},"canonical":"https:\/\/genehtik.com\/pt\/actualidad-cannabis\/marcha-marihuana-madrid-2019\/","og_locale":"pt_PT","og_type":"article","og_title":"\u00c9xito de la marcha de la marihuana 2019 en Madrid","og_description":"\u00c9xito de la marcha de la marihuana celebrada en la Gran V\u00eda de Madrid este s\u00e1bado 11 de mayo de 2019, para pedir la regularizaci\u00f3n de la marihuana.","og_url":"https:\/\/genehtik.com\/pt\/actualidad-cannabis\/marcha-marihuana-madrid-2019\/","og_site_name":"Genehtik","article_publisher":"http:\/\/www.facebook.com\/Genehtik","article_published_time":"2019-05-13T10:20:38+00:00","og_image":[{"width":765,"height":482,"url":"https:\/\/genehtik.com\/wp-content\/uploads\/2019\/05\/marcha-marihuana-madrid2019.jpg","type":"image\/jpeg"}],"author":"Genehik","twitter_card":"summary_large_image","twitter_creator":"@GenehtikEs","twitter_site":"@GenehtikEs","twitter_misc":{"Escrito por":"Genehik","Tempo estimado de leitura":"2 minutos"},"schema":{"@context":"https:\/\/schema.org","@graph":[{"@type":"Article","@id":"https:\/\/genehtik.com\/actualidad-cannabis\/marcha-marihuana-madrid-2019\/#article","isPartOf":{"@id":"https:\/\/genehtik.com\/actualidad-cannabis\/marcha-marihuana-madrid-2019\/"},"author":{"name":"Genehik","@id":"https:\/\/genehtik.com\/#\/schema\/person\/228f7e5af45cd9cd5f321be475f4d888"},"headline":"\u00c9xito de la marcha de la marihuana 2019 en Madrid","datePublished":"2019-05-13T10:20:38+00:00","mainEntityOfPage":{"@id":"https:\/\/genehtik.com\/actualidad-cannabis\/marcha-marihuana-madrid-2019\/"},"wordCount":330,"commentCount":0,"image":{"@id":"https:\/\/genehtik.com\/actualidad-cannabis\/marcha-marihuana-madrid-2019\/#primaryimage"},"thumbnailUrl":"https:\/\/genehtik.com\/wp-content\/uploads\/2019\/05\/marcha-marihuana-madrid2019.jpg","articleSection":["Actualidad Cannabis"],"inLanguage":"pt-PT"},{"@type":"WebPage","@id":"https:\/\/genehtik.com\/actualidad-cannabis\/marcha-marihuana-madrid-2019\/","url":"https:\/\/genehtik.com\/actualidad-cannabis\/marcha-marihuana-madrid-2019\/","name":"\u00c9xito de la marcha de la marihuana 2019 en la Gran V\u00eda de Madrid","isPartOf":{"@id":"https:\/\/genehtik.com\/#website"},"primaryImageOfPage":{"@id":"https:\/\/genehtik.com\/actualidad-cannabis\/marcha-marihuana-madrid-2019\/#primaryimage"},"image":{"@id":"https:\/\/genehtik.com\/actualidad-cannabis\/marcha-marihuana-madrid-2019\/#primaryimage"},"thumbnailUrl":"https:\/\/genehtik.com\/wp-content\/uploads\/2019\/05\/marcha-marihuana-madrid2019.jpg","datePublished":"2019-05-13T10:20:38+00:00","author":{"@id":"https:\/\/genehtik.com\/#\/schema\/person\/228f7e5af45cd9cd5f321be475f4d888"},"description":"\u00c9xito de la marcha de la marihuana celebrada en la Gran V\u00eda de Madrid este s\u00e1bado 11 de mayo de 2019, para pedir la regularizaci\u00f3n de la marihuana.","breadcrumb":{"@id":"https:\/\/genehtik.com\/actualidad-cannabis\/marcha-marihuana-madrid-2019\/#breadcrumb"},"inLanguage":"pt-PT","potentialAction":[{"@type":"ReadAction","target":["https:\/\/genehtik.com\/actualidad-cannabis\/marcha-marihuana-madrid-2019\/"]}]},{"@type":"ImageObject","inLanguage":"pt-PT","@id":"https:\/\/genehtik.com\/actualidad-cannabis\/marcha-marihuana-madrid-2019\/#primaryimage","url":"https:\/\/genehtik.com\/wp-content\/uploads\/2019\/05\/marcha-marihuana-madrid2019.jpg","contentUrl":"https:\/\/genehtik.com\/wp-content\/uploads\/2019\/05\/marcha-marihuana-madrid2019.jpg","width":765,"height":482,"caption":"Marcha de la marihuana 2019 en Madrid"},{"@type":"BreadcrumbList","@id":"https:\/\/genehtik.com\/actualidad-cannabis\/marcha-marihuana-madrid-2019\/#breadcrumb","itemListElement":[{"@type":"ListItem","position":1,"name":"Home","item":"https:\/\/genehtik.com\/"},{"@type":"ListItem","position":2,"name":"\u00c9xito de la marcha de la marihuana 2019 en Madrid"}]},{"@type":"WebSite","@id":"https:\/\/genehtik.com\/#website","url":"https:\/\/genehtik.com\/","name":"Gen\u00e9tica","description":"Banco de sementes de cannabis feminizadas e autoflorescentes de alta qualidade e com garantia.","potentialAction":[{"@type":"SearchAction","target":{"@type":"EntryPoint","urlTemplate":"https:\/\/genehtik.com\/?s={search_term_string}"},"query-input":{"@type":"PropertyValueSpecification","valueRequired":true,"valueName":"search_term_string"}}],"inLanguage":"pt-PT"},{"@type":"Person","@id":"https:\/\/genehtik.com\/#\/schema\/person\/228f7e5af45cd9cd5f321be475f4d888","name":"Genehik","image":{"@type":"ImageObject","inLanguage":"pt-PT","@id":"https:\/\/secure.gravatar.com\/avatar\/0c38fb2b0d6bb958b3d79edc87ba0c4274b16f0c56c9fe388c3bf7e9b31429b2?s=96&d=mm&r=g","url":"https:\/\/secure.gravatar.com\/avatar\/0c38fb2b0d6bb958b3d79edc87ba0c4274b16f0c56c9fe388c3bf7e9b31429b2?s=96&d=mm&r=g","contentUrl":"https:\/\/secure.gravatar.com\/avatar\/0c38fb2b0d6bb958b3d79edc87ba0c4274b16f0c56c9fe388c3bf7e9b31429b2?s=96&d=mm&r=g","caption":"Genehik"},"sameAs":["http:\/\/www.genehtik.com"],"url":"https:\/\/genehtik.com\/pt\/author\/genehtik\/"}]}},"_links":{"self":[{"href":"https:\/\/genehtik.com\/pt\/wp-json\/wp\/v2\/posts\/18251","targetHints":{"allow":["GET"]}}],"collection":[{"href":"https:\/\/genehtik.com\/pt\/wp-json\/wp\/v2\/posts"}],"about":[{"href":"https:\/\/genehtik.com\/pt\/wp-json\/wp\/v2\/types\/post"}],"author":[{"embeddable":true,"href":"https:\/\/genehtik.com\/pt\/wp-json\/wp\/v2\/users\/1"}],"replies":[{"embeddable":true,"href":"https:\/\/genehtik.com\/pt\/wp-json\/wp\/v2\/comments?post=18251"}],"version-history":[{"count":1,"href":"https:\/\/genehtik.com\/pt\/wp-json\/wp\/v2\/posts\/18251\/revisions"}],"predecessor-version":[{"id":18256,"href":"https:\/\/genehtik.com\/pt\/wp-json\/wp\/v2\/posts\/18251\/revisions\/18256"}],"wp:featuredmedia":[{"embeddable":true,"href":"https:\/\/genehtik.com\/pt\/wp-json\/wp\/v2\/media\/18252"}],"wp:attachment":[{"href":"https:\/\/genehtik.com\/pt\/wp-json\/wp\/v2\/media?parent=18251"}],"wp:term":[{"taxonomy":"category","embeddable":true,"href":"https:\/\/genehtik.com\/pt\/wp-json\/wp\/v2\/categories?post=18251"},{"taxonomy":"post_tag","embeddable":true,"href":"https:\/\/genehtik.com\/pt\/wp-json\/wp\/v2\/tags?post=18251"}],"curies":[{"name":"wp","href":"https:\/\/api.w.org\/{rel}","templated":true}]}}