{"id":8337,"date":"2016-02-18T09:41:28","date_gmt":"2016-02-18T09:41:28","guid":{"rendered":"https:\/\/clon.genehtik.com\/?p=8337"},"modified":"2026-03-17T11:31:57","modified_gmt":"2026-03-17T11:31:57","slug":"canapa-mundi-2016-feria-del-cannabis-en-roma","status":"publish","type":"post","link":"https:\/\/genehtik.com\/pt\/eventos-ferias-cannabicas\/canapa-mundi-2016-feria-del-cannabis-en-roma\/","title":{"rendered":"Canapa Mundi 2016, Feira de Cannabis em Roma"},"content":{"rendered":"<p>Ap\u00f3s o sucesso da primeira edi\u00e7\u00e3o da Canapa Mundi em Roma, em 2015, a segunda edi\u00e7\u00e3o da feira de cannabis chega a Roma em 2016.<\/p>\n<p>Nosso banco de sementes, Genehtik, tamb\u00e9m estar\u00e1 presente na feira no estande E-25\/E-26, juntamente com seu distribuidor oficial na It\u00e1lia, Legalized.<\/p>\n<p>A Canapa Mundi 2016 acontecer\u00e1 no Pala Cavicchi, em Roma, e contar\u00e1 com a presen\u00e7a dos melhores profissionais do setor de cannabis.<\/p>\n<p>A feira acontecer\u00e1 nos dias 19, 20 e 21 de fevereiro de 2016 e ter\u00e1 uma \u00e1rea de 8000 m2 e um pavilh\u00e3o de 2500 m2 dedicado ao c\u00e2nhamo industrial e artesanal.<\/p>\n<p>No dia 20 de fevereiro, haver\u00e1 tamb\u00e9m um f\u00f3rum dedicado \u00e0 cannabis medicinal e uma an\u00e1lise do novo decreto de Lorenzin (Ministro da Sa\u00fade do governo italiano).<\/p>","protected":false},"excerpt":{"rendered":"<p>Despu\u00e9s del \u00e9xito de 1a edici\u00f3n de Canapa Mundi en Roma el a\u00f1o 2015, llega este 2016 la 2a edici\u00f3n de la feria del cannabis en Roma. Nuestro banco de semillas, Genehtik, tambi\u00e9n estar\u00e1 presente en la feria en el stand E-25 \/ E-26 junto&#8230;<\/p>","protected":false},"author":1,"featured_media":8338,"comment_status":"closed","ping_status":"closed","sticky":false,"template":"","format":"standard","meta":{"bwfblock_default_font":"","footnotes":""},"categories":[314],"tags":[640,318,557,321,639],"class_list":["post-8337","post","type-post","status-publish","format-standard","has-post-thumbnail","hentry","category-eventos-ferias-cannabicas","tag-canapa-mundi","tag-cannabis","tag-feria","tag-marihuana","tag-roma"],"yoast_head":"<!-- This site is optimized with the Yoast SEO Premium plugin v23.0 (Yoast SEO v27.2) - https:\/\/yoast.com\/product\/yoast-seo-premium-wordpress\/ -->\n<title>Canapa Mundi 2016, Feria del cannabis en Roma<\/title>\n<meta name=\"description\" content=\"La pr\u00f3xima feria del cannabis Canapa Mundi en Roma tendr\u00e1 lugar los dias 19,20 y 21 de febrero de 2016 y estar\u00e1 presente Genehtik junto con Legalized.\" \/>\n<meta name=\"robots\" content=\"index, follow, max-snippet:-1, max-image-preview:large, max-video-preview:-1\" \/>\n<link rel=\"canonical\" href=\"https:\/\/genehtik.com\/pt\/eventos-ferias-cannabicas\/canapa-mundi-2016-feria-del-cannabis-en-roma\/\" \/>\n<meta property=\"og:locale\" content=\"pt_PT\" \/>\n<meta property=\"og:type\" content=\"article\" \/>\n<meta property=\"og:title\" content=\"Canapa Mundi 2016, Feria del cannabis en Roma\" \/>\n<meta property=\"og:description\" content=\"La pr\u00f3xima feria del cannabis Canapa Mundi en Roma tendr\u00e1 lugar los dias 19,20 y 21 de febrero de 2016 y estar\u00e1 presente Genehtik junto con Legalized.\" \/>\n<meta property=\"og:url\" content=\"https:\/\/genehtik.com\/pt\/eventos-ferias-cannabicas\/canapa-mundi-2016-feria-del-cannabis-en-roma\/\" \/>\n<meta property=\"og:site_name\" content=\"Genehtik\" \/>\n<meta property=\"article:publisher\" content=\"http:\/\/www.facebook.com\/Genehtik\" \/>\n<meta property=\"article:published_time\" content=\"2016-02-18T09:41:28+00:00\" \/>\n<meta property=\"article:modified_time\" content=\"2026-03-17T11:31:57+00:00\" \/>\n<meta property=\"og:image\" content=\"https:\/\/genehtik.com\/wp-content\/uploads\/2016\/02\/Canapa-Mundi-2016-Roma.jpg\" \/>\n\t<meta property=\"og:image:width\" content=\"737\" \/>\n\t<meta property=\"og:image:height\" content=\"425\" \/>\n\t<meta property=\"og:image:type\" content=\"image\/jpeg\" \/>\n<meta name=\"author\" content=\"Genehik\" \/>\n<meta name=\"twitter:card\" content=\"summary_large_image\" \/>\n<meta name=\"twitter:creator\" content=\"@GenehtikEs\" \/>\n<meta name=\"twitter:site\" content=\"@GenehtikEs\" \/>\n<meta name=\"twitter:label1\" content=\"Escrito por\" \/>\n\t<meta name=\"twitter:data1\" content=\"Genehik\" \/>\n\t<meta name=\"twitter:label2\" content=\"Tempo estimado de leitura\" \/>\n\t<meta name=\"twitter:data2\" content=\"1 minuto\" \/>\n<script type=\"application\/ld+json\" class=\"yoast-schema-graph\">{\"@context\":\"https:\/\/schema.org\",\"@graph\":[{\"@type\":\"Article\",\"@id\":\"https:\/\/genehtik.com\/eventos-ferias-cannabicas\/canapa-mundi-2016-feria-del-cannabis-en-roma\/#article\",\"isPartOf\":{\"@id\":\"https:\/\/genehtik.com\/eventos-ferias-cannabicas\/canapa-mundi-2016-feria-del-cannabis-en-roma\/\"},\"author\":{\"name\":\"Genehik\",\"@id\":\"https:\/\/genehtik.com\/#\/schema\/person\/228f7e5af45cd9cd5f321be475f4d888\"},\"headline\":\"Canapa Mundi 2016, Feria del cannabis en Roma\",\"datePublished\":\"2016-02-18T09:41:28+00:00\",\"dateModified\":\"2026-03-17T11:31:57+00:00\",\"mainEntityOfPage\":{\"@id\":\"https:\/\/genehtik.com\/eventos-ferias-cannabicas\/canapa-mundi-2016-feria-del-cannabis-en-roma\/\"},\"wordCount\":147,\"image\":{\"@id\":\"https:\/\/genehtik.com\/eventos-ferias-cannabicas\/canapa-mundi-2016-feria-del-cannabis-en-roma\/#primaryimage\"},\"thumbnailUrl\":\"https:\/\/genehtik.com\/wp-content\/uploads\/2016\/02\/Canapa-Mundi-2016-Roma.jpg\",\"keywords\":[\"Canapa Mundi\",\"cannabis\",\"feria\",\"marihuana\",\"Roma\"],\"articleSection\":[\"Eventos y Ferias cann\u00e1bicas\"],\"inLanguage\":\"pt-PT\"},{\"@type\":\"WebPage\",\"@id\":\"https:\/\/genehtik.com\/eventos-ferias-cannabicas\/canapa-mundi-2016-feria-del-cannabis-en-roma\/\",\"url\":\"https:\/\/genehtik.com\/eventos-ferias-cannabicas\/canapa-mundi-2016-feria-del-cannabis-en-roma\/\",\"name\":\"Canapa Mundi 2016, Feria del cannabis en Roma\",\"isPartOf\":{\"@id\":\"https:\/\/genehtik.com\/#website\"},\"primaryImageOfPage\":{\"@id\":\"https:\/\/genehtik.com\/eventos-ferias-cannabicas\/canapa-mundi-2016-feria-del-cannabis-en-roma\/#primaryimage\"},\"image\":{\"@id\":\"https:\/\/genehtik.com\/eventos-ferias-cannabicas\/canapa-mundi-2016-feria-del-cannabis-en-roma\/#primaryimage\"},\"thumbnailUrl\":\"https:\/\/genehtik.com\/wp-content\/uploads\/2016\/02\/Canapa-Mundi-2016-Roma.jpg\",\"datePublished\":\"2016-02-18T09:41:28+00:00\",\"dateModified\":\"2026-03-17T11:31:57+00:00\",\"author\":{\"@id\":\"https:\/\/genehtik.com\/#\/schema\/person\/228f7e5af45cd9cd5f321be475f4d888\"},\"description\":\"La pr\u00f3xima feria del cannabis Canapa Mundi en Roma tendr\u00e1 lugar los dias 19,20 y 21 de febrero de 2016 y estar\u00e1 presente Genehtik junto con Legalized.\",\"breadcrumb\":{\"@id\":\"https:\/\/genehtik.com\/eventos-ferias-cannabicas\/canapa-mundi-2016-feria-del-cannabis-en-roma\/#breadcrumb\"},\"inLanguage\":\"pt-PT\",\"potentialAction\":[{\"@type\":\"ReadAction\",\"target\":[\"https:\/\/genehtik.com\/eventos-ferias-cannabicas\/canapa-mundi-2016-feria-del-cannabis-en-roma\/\"]}]},{\"@type\":\"ImageObject\",\"inLanguage\":\"pt-PT\",\"@id\":\"https:\/\/genehtik.com\/eventos-ferias-cannabicas\/canapa-mundi-2016-feria-del-cannabis-en-roma\/#primaryimage\",\"url\":\"https:\/\/genehtik.com\/wp-content\/uploads\/2016\/02\/Canapa-Mundi-2016-Roma.jpg\",\"contentUrl\":\"https:\/\/genehtik.com\/wp-content\/uploads\/2016\/02\/Canapa-Mundi-2016-Roma.jpg\",\"width\":737,\"height\":425,\"caption\":\"Feria del cannabis Canapa Mundi en Roma 2016\"},{\"@type\":\"BreadcrumbList\",\"@id\":\"https:\/\/genehtik.com\/eventos-ferias-cannabicas\/canapa-mundi-2016-feria-del-cannabis-en-roma\/#breadcrumb\",\"itemListElement\":[{\"@type\":\"ListItem\",\"position\":1,\"name\":\"Home\",\"item\":\"https:\/\/genehtik.com\/\"},{\"@type\":\"ListItem\",\"position\":2,\"name\":\"Canapa Mundi 2016, Feria del cannabis en Roma\"}]},{\"@type\":\"WebSite\",\"@id\":\"https:\/\/genehtik.com\/#website\",\"url\":\"https:\/\/genehtik.com\/\",\"name\":\"Genehtik\",\"description\":\"Banco de semillas de cannabis feminizadas y autoflorecientes de calidad y garant\u00eda\",\"potentialAction\":[{\"@type\":\"SearchAction\",\"target\":{\"@type\":\"EntryPoint\",\"urlTemplate\":\"https:\/\/genehtik.com\/?s={search_term_string}\"},\"query-input\":{\"@type\":\"PropertyValueSpecification\",\"valueRequired\":true,\"valueName\":\"search_term_string\"}}],\"inLanguage\":\"pt-PT\"},{\"@type\":\"Person\",\"@id\":\"https:\/\/genehtik.com\/#\/schema\/person\/228f7e5af45cd9cd5f321be475f4d888\",\"name\":\"Genehik\",\"image\":{\"@type\":\"ImageObject\",\"inLanguage\":\"pt-PT\",\"@id\":\"https:\/\/secure.gravatar.com\/avatar\/0c38fb2b0d6bb958b3d79edc87ba0c4274b16f0c56c9fe388c3bf7e9b31429b2?s=96&d=mm&r=g\",\"url\":\"https:\/\/secure.gravatar.com\/avatar\/0c38fb2b0d6bb958b3d79edc87ba0c4274b16f0c56c9fe388c3bf7e9b31429b2?s=96&d=mm&r=g\",\"contentUrl\":\"https:\/\/secure.gravatar.com\/avatar\/0c38fb2b0d6bb958b3d79edc87ba0c4274b16f0c56c9fe388c3bf7e9b31429b2?s=96&d=mm&r=g\",\"caption\":\"Genehik\"},\"sameAs\":[\"http:\/\/www.genehtik.com\"],\"url\":\"https:\/\/genehtik.com\/pt\/author\/genehtik\/\"}]}<\/script>\n<!-- \/ Yoast SEO Premium plugin. -->","yoast_head_json":{"title":"Canapa Mundi 2016, Feira de Cannabis em Roma","description":"La pr\u00f3xima feria del cannabis Canapa Mundi en Roma tendr\u00e1 lugar los dias 19,20 y 21 de febrero de 2016 y estar\u00e1 presente Genehtik junto con Legalized.","robots":{"index":"index","follow":"follow","max-snippet":"max-snippet:-1","max-image-preview":"max-image-preview:large","max-video-preview":"max-video-preview:-1"},"canonical":"https:\/\/genehtik.com\/pt\/eventos-ferias-cannabicas\/canapa-mundi-2016-feria-del-cannabis-en-roma\/","og_locale":"pt_PT","og_type":"article","og_title":"Canapa Mundi 2016, Feria del cannabis en Roma","og_description":"La pr\u00f3xima feria del cannabis Canapa Mundi en Roma tendr\u00e1 lugar los dias 19,20 y 21 de febrero de 2016 y estar\u00e1 presente Genehtik junto con Legalized.","og_url":"https:\/\/genehtik.com\/pt\/eventos-ferias-cannabicas\/canapa-mundi-2016-feria-del-cannabis-en-roma\/","og_site_name":"Genehtik","article_publisher":"http:\/\/www.facebook.com\/Genehtik","article_published_time":"2016-02-18T09:41:28+00:00","article_modified_time":"2026-03-17T11:31:57+00:00","og_image":[{"width":737,"height":425,"url":"https:\/\/genehtik.com\/wp-content\/uploads\/2016\/02\/Canapa-Mundi-2016-Roma.jpg","type":"image\/jpeg"}],"author":"Genehik","twitter_card":"summary_large_image","twitter_creator":"@GenehtikEs","twitter_site":"@GenehtikEs","twitter_misc":{"Escrito por":"Genehik","Tempo estimado de leitura":"1 minuto"},"schema":{"@context":"https:\/\/schema.org","@graph":[{"@type":"Article","@id":"https:\/\/genehtik.com\/eventos-ferias-cannabicas\/canapa-mundi-2016-feria-del-cannabis-en-roma\/#article","isPartOf":{"@id":"https:\/\/genehtik.com\/eventos-ferias-cannabicas\/canapa-mundi-2016-feria-del-cannabis-en-roma\/"},"author":{"name":"Genehik","@id":"https:\/\/genehtik.com\/#\/schema\/person\/228f7e5af45cd9cd5f321be475f4d888"},"headline":"Canapa Mundi 2016, Feria del cannabis en Roma","datePublished":"2016-02-18T09:41:28+00:00","dateModified":"2026-03-17T11:31:57+00:00","mainEntityOfPage":{"@id":"https:\/\/genehtik.com\/eventos-ferias-cannabicas\/canapa-mundi-2016-feria-del-cannabis-en-roma\/"},"wordCount":147,"image":{"@id":"https:\/\/genehtik.com\/eventos-ferias-cannabicas\/canapa-mundi-2016-feria-del-cannabis-en-roma\/#primaryimage"},"thumbnailUrl":"https:\/\/genehtik.com\/wp-content\/uploads\/2016\/02\/Canapa-Mundi-2016-Roma.jpg","keywords":["Canapa Mundi","cannabis","feria","marihuana","Roma"],"articleSection":["Eventos y Ferias cann\u00e1bicas"],"inLanguage":"pt-PT"},{"@type":"WebPage","@id":"https:\/\/genehtik.com\/eventos-ferias-cannabicas\/canapa-mundi-2016-feria-del-cannabis-en-roma\/","url":"https:\/\/genehtik.com\/eventos-ferias-cannabicas\/canapa-mundi-2016-feria-del-cannabis-en-roma\/","name":"Canapa Mundi 2016, Feira de Cannabis em Roma","isPartOf":{"@id":"https:\/\/genehtik.com\/#website"},"primaryImageOfPage":{"@id":"https:\/\/genehtik.com\/eventos-ferias-cannabicas\/canapa-mundi-2016-feria-del-cannabis-en-roma\/#primaryimage"},"image":{"@id":"https:\/\/genehtik.com\/eventos-ferias-cannabicas\/canapa-mundi-2016-feria-del-cannabis-en-roma\/#primaryimage"},"thumbnailUrl":"https:\/\/genehtik.com\/wp-content\/uploads\/2016\/02\/Canapa-Mundi-2016-Roma.jpg","datePublished":"2016-02-18T09:41:28+00:00","dateModified":"2026-03-17T11:31:57+00:00","author":{"@id":"https:\/\/genehtik.com\/#\/schema\/person\/228f7e5af45cd9cd5f321be475f4d888"},"description":"La pr\u00f3xima feria del cannabis Canapa Mundi en Roma tendr\u00e1 lugar los dias 19,20 y 21 de febrero de 2016 y estar\u00e1 presente Genehtik junto con Legalized.","breadcrumb":{"@id":"https:\/\/genehtik.com\/eventos-ferias-cannabicas\/canapa-mundi-2016-feria-del-cannabis-en-roma\/#breadcrumb"},"inLanguage":"pt-PT","potentialAction":[{"@type":"ReadAction","target":["https:\/\/genehtik.com\/eventos-ferias-cannabicas\/canapa-mundi-2016-feria-del-cannabis-en-roma\/"]}]},{"@type":"ImageObject","inLanguage":"pt-PT","@id":"https:\/\/genehtik.com\/eventos-ferias-cannabicas\/canapa-mundi-2016-feria-del-cannabis-en-roma\/#primaryimage","url":"https:\/\/genehtik.com\/wp-content\/uploads\/2016\/02\/Canapa-Mundi-2016-Roma.jpg","contentUrl":"https:\/\/genehtik.com\/wp-content\/uploads\/2016\/02\/Canapa-Mundi-2016-Roma.jpg","width":737,"height":425,"caption":"Feria del cannabis Canapa Mundi en Roma 2016"},{"@type":"BreadcrumbList","@id":"https:\/\/genehtik.com\/eventos-ferias-cannabicas\/canapa-mundi-2016-feria-del-cannabis-en-roma\/#breadcrumb","itemListElement":[{"@type":"ListItem","position":1,"name":"Home","item":"https:\/\/genehtik.com\/"},{"@type":"ListItem","position":2,"name":"Canapa Mundi 2016, Feria del cannabis en Roma"}]},{"@type":"WebSite","@id":"https:\/\/genehtik.com\/#website","url":"https:\/\/genehtik.com\/","name":"Gen\u00e9tica","description":"Banco de sementes de cannabis feminizadas e autoflorescentes de alta qualidade e com garantia.","potentialAction":[{"@type":"SearchAction","target":{"@type":"EntryPoint","urlTemplate":"https:\/\/genehtik.com\/?s={search_term_string}"},"query-input":{"@type":"PropertyValueSpecification","valueRequired":true,"valueName":"search_term_string"}}],"inLanguage":"pt-PT"},{"@type":"Person","@id":"https:\/\/genehtik.com\/#\/schema\/person\/228f7e5af45cd9cd5f321be475f4d888","name":"Genehik","image":{"@type":"ImageObject","inLanguage":"pt-PT","@id":"https:\/\/secure.gravatar.com\/avatar\/0c38fb2b0d6bb958b3d79edc87ba0c4274b16f0c56c9fe388c3bf7e9b31429b2?s=96&d=mm&r=g","url":"https:\/\/secure.gravatar.com\/avatar\/0c38fb2b0d6bb958b3d79edc87ba0c4274b16f0c56c9fe388c3bf7e9b31429b2?s=96&d=mm&r=g","contentUrl":"https:\/\/secure.gravatar.com\/avatar\/0c38fb2b0d6bb958b3d79edc87ba0c4274b16f0c56c9fe388c3bf7e9b31429b2?s=96&d=mm&r=g","caption":"Genehik"},"sameAs":["http:\/\/www.genehtik.com"],"url":"https:\/\/genehtik.com\/pt\/author\/genehtik\/"}]}},"_links":{"self":[{"href":"https:\/\/genehtik.com\/pt\/wp-json\/wp\/v2\/posts\/8337","targetHints":{"allow":["GET"]}}],"collection":[{"href":"https:\/\/genehtik.com\/pt\/wp-json\/wp\/v2\/posts"}],"about":[{"href":"https:\/\/genehtik.com\/pt\/wp-json\/wp\/v2\/types\/post"}],"author":[{"embeddable":true,"href":"https:\/\/genehtik.com\/pt\/wp-json\/wp\/v2\/users\/1"}],"replies":[{"embeddable":true,"href":"https:\/\/genehtik.com\/pt\/wp-json\/wp\/v2\/comments?post=8337"}],"version-history":[{"count":2,"href":"https:\/\/genehtik.com\/pt\/wp-json\/wp\/v2\/posts\/8337\/revisions"}],"predecessor-version":[{"id":5043571,"href":"https:\/\/genehtik.com\/pt\/wp-json\/wp\/v2\/posts\/8337\/revisions\/5043571"}],"wp:featuredmedia":[{"embeddable":true,"href":"https:\/\/genehtik.com\/pt\/wp-json\/wp\/v2\/media\/8338"}],"wp:attachment":[{"href":"https:\/\/genehtik.com\/pt\/wp-json\/wp\/v2\/media?parent=8337"}],"wp:term":[{"taxonomy":"category","embeddable":true,"href":"https:\/\/genehtik.com\/pt\/wp-json\/wp\/v2\/categories?post=8337"},{"taxonomy":"post_tag","embeddable":true,"href":"https:\/\/genehtik.com\/pt\/wp-json\/wp\/v2\/tags?post=8337"}],"curies":[{"name":"wp","href":"https:\/\/api.w.org\/{rel}","templated":true}]}}